{"content":"<div class=\"row inline-row\">\r\n                <div class=\"col-md-6 col-xs-12 inline-col feed-item\">\r\n            <a   href=\"https:\/\/fmkik.hu\/hirek\/hangsuly-a-jovon-a-vallalkozasok-tamogatasatol-a-kepzesek-megujitasaig\" class=\"clearfix\">\r\n        <div class=\"img\">\r\n                                    <img class=\"img-responsive img-center\" src=\"\/uploads\/feed_items\/small-fmkik-radetzky-jeno-17676004926819.JPG\" alt=\"Hangs\u00faly a j\u00f6v\u0151n: a v\u00e1llalkoz\u00e1sok t\u00e1mogat\u00e1s\u00e1t\u00f3l a k\u00e9pz\u00e9sek meg\u00faj\u00edt\u00e1s\u00e1ig\">\r\n        <\/div>\r\n        <div class=\"info\">\r\n            <div class=\"inside\">\r\n                <div class=\"title\">Hangs\u00faly a j\u00f6v\u0151n: a v\u00e1llalkoz\u00e1sok t\u00e1mogat\u00e1s\u00e1t\u00f3l a k\u00e9pz\u00e9sek meg\u00faj\u00edt\u00e1s\u00e1ig<\/div>\r\n\r\n                <div class=\"desc\">Fej\u00e9r v\u00e1rmegye v\u00e1llalkoz\u00e1sai ma is az orsz\u00e1g legdinamikusabban m\u0171k\u00f6d\u0151 gazdas\u00e1gi szerepl\u0151i k\u00f6z\u00e9 tartoznak, stabil teljes\u00edtm\u00e9nnyel, soksz\u00edn\u0171 szerkezettel \u00e9s egyre er\u0151sebb fejl\u0151d\u00e9si lehet\u0151s\u00e9gekkel. Ezekr\u0151l a folyamatokr\u00f3l, a kamara el\u0151tt \u00e1ll\u00f3 feladatokr\u00f3l \u00e9s a t\u00e9rs\u00e9g szakk\u00e9pz\u00e9s\u00e9nek j\u00f6v\u0151j\u00e9r\u0151l besz\u00e9lt Radetzky Jen\u0151, a Fej\u00e9r V\u00e1rmegyei Kereskedelmi \u00e9s Iparkamara eln\u00f6ke, a Fej\u00e9r Megyei H\u00edrlapnak adott interj\u00faj\u00e1ban.<\/div>\r\n            <\/div>\r\n        <\/div>\r\n    <\/a>\r\n        <\/div>\r\n            <div class=\"col-md-6 col-xs-12 inline-col feed-item\">\r\n            <a   href=\"https:\/\/fmkik.hu\/hirek\/januartol-a-kkv-k-is-fordulhatnak-a-bekelteto-testuletekhez\" class=\"clearfix\">\r\n        <div class=\"img\">\r\n                                    <img class=\"img-responsive img-center\" src=\"\/uploads\/feed_items\/small-08-shutterstock-17660550564348.jpg\" alt=\"Janu\u00e1rt\u00f3l a kkv-k is fordulhatnak a b\u00e9k\u00e9ltet\u0151 test\u00fcletekhez\">\r\n        <\/div>\r\n        <div class=\"info\">\r\n            <div class=\"inside\">\r\n                <div class=\"title\">Janu\u00e1rt\u00f3l a kkv-k is fordulhatnak a b\u00e9k\u00e9ltet\u0151 test\u00fcletekhez<\/div>\r\n\r\n                <div class=\"desc\">A fogyaszt\u00f3v\u00e9delmi t\u00f6rv\u00e9ny m\u00f3dos\u00edt\u00e1s\u00e1nak \u00e9rtelm\u00e9ben a mikro-, kis- \u00e9s k\u00f6z\u00e9pv\u00e1llalkoz\u00e1sok v\u00e9gs\u0151 felhaszn\u00e1l\u00f3k\u00e9nt egy term\u00e9kv\u00e1s\u00e1rl\u00e1s, vagy szolg\u00e1ltat\u00e1s ig\u00e9nybev\u00e9tele est\u00e9n kv\u00e1zi fogyaszt\u00f3i min\u0151s\u00e9gben fordulhatnak 2026. janu\u00e1r 1-j\u00e9t\u0151l a b\u00e9k\u00e9ltet\u0151 test\u00fcletekhez. \u00cdgy a jogvit\u00e1k a b\u00edr\u00f3s\u00e1gi \u00fatn\u00e1l egyszer\u0171bb, gyorsabb, k\u00f6lts\u00e9gk\u00edm\u00e9l\u0151 m\u00f3don rendezhet\u0151k a kkv-k sz\u00e1m\u00e1ra is.<\/div>\r\n            <\/div>\r\n        <\/div>\r\n    <\/a>\r\n        <\/div>\r\n            <div class=\"col-md-6 col-xs-12 inline-col feed-item\">\r\n            <a   href=\"https:\/\/fmkik.hu\/hirek\/megjelent-a-gazdasagi-kalauz-decemberi-szama%202025\" class=\"clearfix\">\r\n        <div class=\"img\">\r\n                                    <img class=\"img-responsive img-center\" src=\"\/uploads\/feed_items\/small-honlapra-17658971618525.png\" alt=\"Megjelent a Gazdas\u00e1gi Kalauz decemberi sz\u00e1ma\">\r\n        <\/div>\r\n        <div class=\"info\">\r\n            <div class=\"inside\">\r\n                <div class=\"title\">Megjelent a Gazdas\u00e1gi Kalauz decemberi sz\u00e1ma<\/div>\r\n\r\n                <div class=\"desc\">A Gazdas\u00e1gi Kalauz 2025. decemberi lapsz\u00e1m\u00e1ban Sp\u00e1nyi Antal sz\u00e9kesfeh\u00e9rv\u00e1ri p\u00fcsp\u00f6k osztja meg&nbsp;Kar\u00e1csonyhoz kapcsol\u00f3d\u00f3 gondolatait.&nbsp;F\u00f3kuszban a v\u00e1llalkoz\u00f3i j\u00f3 p\u00e9ld\u00e1k, elismer\u00e9sek, az etikus magatart\u00e1s: h\u00edrt adunk legut\u00f3bbi kamarai d\u00edjazottjainkr\u00f3l, \u00e9s v\u00e1llalkoz\u00f3i sikert\u00f6rt\u00e9netekr\u0151l is&nbsp;olvashatnak.&nbsp;Gazdas\u00e1gi Kalauz<\/div>\r\n            <\/div>\r\n        <\/div>\r\n    <\/a>\r\n        <\/div>\r\n            <div class=\"col-md-6 col-xs-12 inline-col feed-item\">\r\n            <a   href=\"https:\/\/fmkik.hu\/hirek\/bemutatasra-kerult-a-gazdasagi-korkep\" class=\"clearfix\">\r\n        <div class=\"img\">\r\n                                    <img class=\"img-responsive img-center\" src=\"\/uploads\/feed_items\/small-koerkep-2024-25-17658940731505.png\" alt=\"Bemutat\u00e1sra ker\u00fclt a Gazdas\u00e1gi K\u00f6rk\u00e9p\">\r\n        <\/div>\r\n        <div class=\"info\">\r\n            <div class=\"inside\">\r\n                <div class=\"title\">Bemutat\u00e1sra ker\u00fclt a Gazdas\u00e1gi K\u00f6rk\u00e9p<\/div>\r\n\r\n                <div class=\"desc\">A kamara 58. k\u00fcld\u00f6ttgy\u0171l\u00e9s\u00e9n bemutat\u00e1sra ker\u00fclt a Gazdas\u00e1gi K\u00f6rk\u00e9p - Fej\u00e9r V\u00e1rmegye Gazdas\u00e1gi \u00c9rt\u00e9kt\u00e1ra.&nbsp;<\/div>\r\n            <\/div>\r\n        <\/div>\r\n    <\/a>\r\n        <\/div>\r\n            <div class=\"col-md-6 col-xs-12 inline-col feed-item\">\r\n            <a   href=\"https:\/\/fmkik.hu\/hirek\/K%C3%BCld%C3%B6ttgy%C5%B1l%C3%A9s%20a%20Gazdas%C3%A1g%20H%C3%A1z%C3%A1ban\" class=\"clearfix\">\r\n        <div class=\"img\">\r\n                                    <img class=\"img-responsive img-center\" src=\"\/uploads\/feed_items\/small-img-6040-17658890614025.JPG\" alt=\"K\u00fcld\u00f6ttgy\u0171l\u00e9s a Gazdas\u00e1g H\u00e1z\u00e1ban\">\r\n        <\/div>\r\n        <div class=\"info\">\r\n            <div class=\"inside\">\r\n                <div class=\"title\">K\u00fcld\u00f6ttgy\u0171l\u00e9s a Gazdas\u00e1g H\u00e1z\u00e1ban<\/div>\r\n\r\n                <div class=\"desc\">A Gazdas\u00e1g H\u00e1za adott otthont 2025. december 16-\u00e1n a Fej\u00e9r V\u00e1rmegyei Kereskedelmi \u00e9s Iparkamara 58. k\u00fcld\u00f6ttgy\u0171l\u00e9s\u00e9nek, mely \u00fcnnep\u00e9lyes keretek k\u00f6z\u00f6tt zajlott. Vend\u00e9g Dr. Gy\u00f6rgy L\u00e1szl\u00f3 korm\u00e1nybiztos volt.&nbsp;<\/div>\r\n            <\/div>\r\n        <\/div>\r\n    <\/a>\r\n        <\/div>\r\n            <div class=\"col-md-6 col-xs-12 inline-col feed-item\">\r\n            <a   href=\"https:\/\/fmkik.hu\/hirek\/nyilvanos-konzultacio-ddl-17122025-az-europai-szabvanyositas-jovojerol\" class=\"clearfix\">\r\n        <div class=\"img\">\r\n                                    <img class=\"img-responsive img-center\" src=\"\/uploads\/feed_items\/small-office-1280-17655317376914.jpg\" alt=\"Nyilv\u00e1nos konzult\u00e1ci\u00f3 (DDL 17\/12\/2025) az eur\u00f3pai szabv\u00e1nyos\u00edt\u00e1s j\u00f6v\u0151j\u00e9r\u0151l\">\r\n        <\/div>\r\n        <div class=\"info\">\r\n            <div class=\"inside\">\r\n                <div class=\"title\">Nyilv\u00e1nos konzult\u00e1ci\u00f3 (DDL 17\/12\/2025) az eur\u00f3pai szabv\u00e1nyos\u00edt\u00e1s j\u00f6v\u0151j\u00e9r\u0151l<\/div>\r\n\r\n                <div class=\"desc\">Az Eur\u00f3pai Bizotts\u00e1g nyilv\u00e1nos konzult\u00e1ci\u00f3t ind\u00edtott az EU szabv\u00e1nyos\u00edt\u00e1si rendelet\u00e9nek fel\u00fclvizsg\u00e1lat\u00e1r\u00f3l. Az eur\u00f3pai szabv\u00e1nyok fontos szerepet j\u00e1tszanak az egys\u00e9ges piac m\u0171k\u00f6d\u00e9s\u00e9ben, mivel \u00f6sszehangolj\u00e1k a nemzeti szabv\u00e1nyokat, \u00e9s megel\u0151zik a szabv\u00e1nyokkal kapcsolatos t\u00f6bbsz\u00f6r\u00f6s \u00e9s egym\u00e1snak potenci\u00e1lisan ellentmond\u00f3 nemzeti megk\u00f6zel\u00edt\u00e9seket.<\/div>\r\n            <\/div>\r\n        <\/div>\r\n    <\/a>\r\n        <\/div>\r\n            <div class=\"col-md-6 col-xs-12 inline-col feed-item\">\r\n            <a   href=\"https:\/\/fmkik.hu\/hirek\/megjelent-a-felhivas-387-milliard-forint-vallalkozasok-energiahatekonysagi-fejleszteseire\" class=\"clearfix\">\r\n        <div class=\"img\">\r\n                                    <img class=\"img-responsive img-center\" src=\"\/uploads\/feed_items\/small-01-shutterstock-17654619978871.jpg\" alt=\"Megjelent a felh\u00edv\u00e1s, 38,7 milli\u00e1rd forint v\u00e1llalkoz\u00e1sok energiahat\u00e9konys\u00e1gi fejleszt\u00e9seire\">\r\n        <\/div>\r\n        <div class=\"info\">\r\n            <div class=\"inside\">\r\n                <div class=\"title\">Megjelent a felh\u00edv\u00e1s, 38,7 milli\u00e1rd forint v\u00e1llalkoz\u00e1sok energiahat\u00e9konys\u00e1gi fejleszt\u00e9seire<\/div>\r\n\r\n                <div class=\"desc\">A korm\u00e1ny a Jedlik \u00c1nyos Energetikai Programban t\u00f6bb mint 580 milli\u00e1rd forinttal t\u00e1mogatja els\u0151sorban a hazai kis- \u00e9s k\u00f6z\u00e9pv\u00e1llalkoz\u00e1sok versenyhelyzet\u00e9nek jav\u00edt\u00e1s\u00e1t. A febru\u00e1r elej\u00e9n megny\u00edl\u00f3 p\u00e1ly\u00e1zaton legal\u00e1bb 10 milli\u00f3, de ak\u00e1r f\u00e9lmilli\u00e1rd forint kamatmentes hitel seg\u00edtheti a c\u00e9gek vid\u00e9ki telephelyein megval\u00f3sul\u00f3 beruh\u00e1z\u00e1sokat - tette k\u00f6zz\u00e9 december 11-\u00e9n az Energia\u00fcgyi Miniszt\u00e9rium (EM).<\/div>\r\n            <\/div>\r\n        <\/div>\r\n    <\/a>\r\n        <\/div>\r\n            <div class=\"col-md-6 col-xs-12 inline-col feed-item\">\r\n            <a   href=\"https:\/\/fmkik.hu\/hirek\/jonak-lenni-jo-jotekonysagi-osszefogas-a-karpataljai-raszorulo-gyermekekert-a-kegyes-alapitvany-kozremukodesevel\" class=\"clearfix\">\r\n        <div class=\"img\">\r\n                                    <img class=\"img-responsive img-center\" src=\"\/uploads\/feed_items\/small-output-700x700-1-17654542362325.jpg\" alt=\"\u201eJ\u00f3nak lenni j\u00f3!\u201d - J\u00f3t\u00e9konys\u00e1gi \u00f6sszefog\u00e1s a k\u00e1rp\u00e1taljai r\u00e1szorul\u00f3 gyermekek\u00e9rt, a Kegyes Alap\u00edtv\u00e1ny k\u00f6zrem\u0171k\u00f6d\u00e9s\u00e9vel\">\r\n        <\/div>\r\n        <div class=\"info\">\r\n            <div class=\"inside\">\r\n                <div class=\"title\">\u201eJ\u00f3nak lenni j\u00f3!\u201d - J\u00f3t\u00e9konys\u00e1gi \u00f6sszefog\u00e1s a k\u00e1rp\u00e1taljai r\u00e1szorul\u00f3 gyermekek\u00e9rt, a Kegyes Alap\u00edtv\u00e1ny k\u00f6zrem\u0171k\u00f6d\u00e9s\u00e9vel<\/div>\r\n\r\n                <div class=\"desc\">Nagy Elek,&nbsp;a Magyar Kereskedelmi \u00e9s Iparkamara eln\u00f6ke elv\u00e1llalta&nbsp;a k\u00f6zm\u00e9dia hagyom\u00e1nyos kar\u00e1csonyi j\u00f3t\u00e9konys\u00e1gi akci\u00f3j\u00e1nak, a&nbsp;\u201eJ\u00f3nak lenni j\u00f3!\u201d&nbsp;2025-\u00f6s ad\u00e1s\u00e1nak f\u0151v\u00e9dn\u00f6ks\u00e9g\u00e9t. Az idei esztend\u0151ben a befolyt adom\u00e1nyokat a&nbsp;h\u00e1bor\u00fa s\u00fajtotta K\u00e1rp\u00e1talj\u00e1n \u00e9l\u0151 \u00e1rva, f\u00e9l\u00e1rva, beteg \u00e9s n\u00e9lk\u00fcl\u00f6z\u0151 gyermekek megseg\u00edt\u00e9s\u00e9re ford\u00edtj\u00e1k, a Kegyes Alap\u00edtv\u00e1ny k\u00f6zrem\u0171k\u00f6d\u00e9s\u00e9vel. Ezek a gyerekek a legnehezebb k\u00f6r\u00fclm\u00e9nyek k\u00f6z\u00f6tt, sokszor n\u00e9lk\u00fcl\u00f6z\u00e9sben, a h\u00e1bor\u00fa \u00e1rny\u00e9k\u00e1ban n\u0151nek fel \u2013 minden egyes felaj\u00e1nl\u00e1s val\u00f3di \u00e9letment\u0151 \u00e9s rem\u00e9nyt ad\u00f3 seg\u00edts\u00e9g sz\u00e1mukra.<\/div>\r\n            <\/div>\r\n        <\/div>\r\n    <\/a>\r\n        <\/div>\r\n    <\/div>\r\n\r\n<ul class=\"pagination\">\r\n                    <li class=\"left\"><a href=\"https:\/\/fmkik.hu\/api\/feeds\/page?page=16\" rel=\"prev\"><span class=\"icon icon-arrow-flat-left\"><\/span><\/a><\/li>\r\n        \r\n                    \r\n                                                                        <li><a href=\"https:\/\/fmkik.hu\/api\/feeds\/page?page=1\">01<\/a><\/li>\r\n                                                                                <li><a href=\"https:\/\/fmkik.hu\/api\/feeds\/page?page=2\">02<\/a><\/li>\r\n                                                                                    <li class=\"disabled\"><span>...<\/span><\/li>\r\n            \r\n                                \r\n                                                                        <li><a href=\"https:\/\/fmkik.hu\/api\/feeds\/page?page=14\">14<\/a><\/li>\r\n                                                                                <li><a href=\"https:\/\/fmkik.hu\/api\/feeds\/page?page=15\">15<\/a><\/li>\r\n                                                                                <li><a href=\"https:\/\/fmkik.hu\/api\/feeds\/page?page=16\">16<\/a><\/li>\r\n                                                                                <li class=\"active\"><span>17<\/span><\/li>\r\n                                                                                <li><a href=\"https:\/\/fmkik.hu\/api\/feeds\/page?page=18\">18<\/a><\/li>\r\n                                                                                <li><a href=\"https:\/\/fmkik.hu\/api\/feeds\/page?page=19\">19<\/a><\/li>\r\n                                                                                <li><a href=\"https:\/\/fmkik.hu\/api\/feeds\/page?page=20\">20<\/a><\/li>\r\n                                                                                    <li class=\"disabled\"><span>...<\/span><\/li>\r\n            \r\n                                \r\n                                                                        <li><a href=\"https:\/\/fmkik.hu\/api\/feeds\/page?page=245\">245<\/a><\/li>\r\n                                                                                <li><a href=\"https:\/\/fmkik.hu\/api\/feeds\/page?page=246\">246<\/a><\/li>\r\n                                                        \r\n                    <li class=\"right\"><a href=\"https:\/\/fmkik.hu\/api\/feeds\/page?page=18\" rel=\"next\"><span class=\"icon icon-arrow-flat-right\"><\/span><\/a><\/li>\r\n            <\/ul>\r\n\r\n","page":"17"}