{"content":"<div class=\"row inline-row\">\r\n                <div class=\"col-md-6 col-xs-12 inline-col feed-item\">\r\n            <a   href=\"https:\/\/fmkik.hu\/hirek\/30-ev-garazscegbol-meghatarozo-ertekteremto-vallalkozas\" class=\"clearfix\">\r\n        <div class=\"img\">\r\n                                    <img class=\"img-responsive img-center\" src=\"\/images\/no-feed-item.jpg\" alt=\"30 \u00e9v: gar\u00e1zsc\u00e9gb\u0151l meghat\u00e1roz\u00f3 \u00e9rt\u00e9kteremt\u0151 v\u00e1llalkoz\u00e1s\">\r\n        <\/div>\r\n        <div class=\"info\">\r\n            <div class=\"inside\">\r\n                <div class=\"title\">30 \u00e9v: gar\u00e1zsc\u00e9gb\u0151l meghat\u00e1roz\u00f3 \u00e9rt\u00e9kteremt\u0151 v\u00e1llalkoz\u00e1s<\/div>\r\n\r\n                <div class=\"desc\">Dr. Karsai B\u00e9la, a Karsai M\u0171anyagtechnika Holding Zrt. tulajdonosa harminc \u00e9ve v\u00e1ltotta ki az iparenged\u00e9lyt. A c\u00e9g minap \u00fcnnepelte jubileum\u00e1t.&nbsp;<\/div>\r\n            <\/div>\r\n        <\/div>\r\n    <\/a>\r\n        <\/div>\r\n            <div class=\"col-md-6 col-xs-12 inline-col feed-item\">\r\n            <a   href=\"https:\/\/fmkik.hu\/hirek\/gazdasagi-kalauz-arcok-es-uzenetek-a-kozossegbol\" class=\"clearfix\">\r\n        <div class=\"img\">\r\n                                    <img class=\"img-responsive img-center\" src=\"\/images\/no-feed-item.jpg\" alt=\"Gazdas\u00e1gi Kalauz: arcok \u00e9s \u00fczenetek a k\u00f6z\u00f6ss\u00e9gb\u0151l\">\r\n        <\/div>\r\n        <div class=\"info\">\r\n            <div class=\"inside\">\r\n                <div class=\"title\">Gazdas\u00e1gi Kalauz: arcok \u00e9s \u00fczenetek a k\u00f6z\u00f6ss\u00e9gb\u0151l<\/div>\r\n\r\n                <div class=\"desc\"><\/div>\r\n            <\/div>\r\n        <\/div>\r\n    <\/a>\r\n        <\/div>\r\n            <div class=\"col-md-6 col-xs-12 inline-col feed-item\">\r\n            <a   href=\"https:\/\/fmkik.hu\/hirek\/az-online-fizetes-lehetosegei\" class=\"clearfix\">\r\n        <div class=\"img\">\r\n                                    <img class=\"img-responsive img-center\" src=\"\/images\/no-feed-item.jpg\" alt=\"Az online fizet\u00e9s lehet\u0151s\u00e9gei\">\r\n        <\/div>\r\n        <div class=\"info\">\r\n            <div class=\"inside\">\r\n                <div class=\"title\">Az online fizet\u00e9s lehet\u0151s\u00e9gei<\/div>\r\n\r\n                <div class=\"desc\">Milyen k\u00e9nyelmes \u00e9s biztons\u00e1gos fizet\u00e9si lehet\u0151s\u00e9geket tudok biztos\u00edtani vev\u0151imnek? Hogyan fizetnek a legsz\u00edvesebben az online v\u00e1s\u00e1rolt term\u00e9kek\u00e9rt Magyarorsz\u00e1gon?<\/div>\r\n            <\/div>\r\n        <\/div>\r\n    <\/a>\r\n        <\/div>\r\n            <div class=\"col-md-6 col-xs-12 inline-col feed-item\">\r\n            <a   href=\"https:\/\/fmkik.hu\/hirek\/nivodijat-is-atadtak-az-epitoipari-konferencian\" class=\"clearfix\">\r\n        <div class=\"img\">\r\n                                    <img class=\"img-responsive img-center\" src=\"\/images\/no-feed-item.jpg\" alt=\"N\u00edv\u00f3d\u00edjat is \u00e1tadtak az \u00c9p\u00edt\u0151ipari Konferenci\u00e1n\">\r\n        <\/div>\r\n        <div class=\"info\">\r\n            <div class=\"inside\">\r\n                <div class=\"title\">N\u00edv\u00f3d\u00edjat is \u00e1tadtak az \u00c9p\u00edt\u0151ipari Konferenci\u00e1n<\/div>\r\n\r\n                <div class=\"desc\">Braun N\u00e1ndornak, a Braun Kft. \u00fcgyvezet\u0151 igazgat\u00f3j\u00e1nak adt\u00e1k \u00e1t a Kiss J\u00f3zsef \u00c9p\u00edt\u0151ipari N\u00edv\u00f3d\u00edjat, a Fej\u00e9r Megyei Kereskedelmi \u00e9s Iparkamara \u00c9p\u00edt\u0151ipari Konferenci\u00e1j\u00e1n.<\/div>\r\n            <\/div>\r\n        <\/div>\r\n    <\/a>\r\n        <\/div>\r\n            <div class=\"col-md-6 col-xs-12 inline-col feed-item\">\r\n            <a   href=\"https:\/\/fmkik.hu\/hirek\/atadtak-a-kamarai-dijakat\" class=\"clearfix\">\r\n        <div class=\"img\">\r\n                                    <img class=\"img-responsive img-center\" src=\"\/images\/no-feed-item.jpg\" alt=\"\u00c1tadt\u00e1k a kamarai d\u00edjakat\">\r\n        <\/div>\r\n        <div class=\"info\">\r\n            <div class=\"inside\">\r\n                <div class=\"title\">\u00c1tadt\u00e1k a kamarai d\u00edjakat<\/div>\r\n\r\n                <div class=\"desc\">K\u00fcld\u00f6ttgy\u0171l\u00e9s\u00e9n kilenc gazdas\u00e1gi szerepl\u0151 sz\u00e1m\u00e1ra h\u00e9t d\u00edjat adom\u00e1nyozott a Fej\u00e9r Megyei Kereskedelmi \u00e9s Iparkamara, melyre m\u00e1jus 24-\u00e9n ker\u00fclt sor a Gazdas\u00e1g H\u00e1z\u00e1ban.<\/div>\r\n            <\/div>\r\n        <\/div>\r\n    <\/a>\r\n        <\/div>\r\n            <div class=\"col-md-6 col-xs-12 inline-col feed-item\">\r\n            <a   href=\"https:\/\/fmkik.hu\/hirek\/digitalis-kkv-nap-oriasi-erdeklodessel\" class=\"clearfix\">\r\n        <div class=\"img\">\r\n                                    <img class=\"img-responsive img-center\" src=\"\/images\/no-feed-item.jpg\" alt=\"Digit\u00e1lis KKV Nap - \u00f3ri\u00e1si \u00e9rdekl\u0151d\u00e9ssel\">\r\n        <\/div>\r\n        <div class=\"info\">\r\n            <div class=\"inside\">\r\n                <div class=\"title\">Digit\u00e1lis KKV Nap - \u00f3ri\u00e1si \u00e9rdekl\u0151d\u00e9ssel<\/div>\r\n\r\n                <div class=\"desc\"><\/div>\r\n            <\/div>\r\n        <\/div>\r\n    <\/a>\r\n        <\/div>\r\n            <div class=\"col-md-6 col-xs-12 inline-col feed-item\">\r\n            <a   href=\"https:\/\/fmkik.hu\/hirek\/tamadas-helyett-kossunk-kompromisszumot\" class=\"clearfix\">\r\n        <div class=\"img\">\r\n                                    <img class=\"img-responsive img-center\" src=\"\/images\/no-feed-item.jpg\" alt=\"T\u00e1mad\u00e1s helyett k\u00f6ss\u00fcnk kompromisszumot!\">\r\n        <\/div>\r\n        <div class=\"info\">\r\n            <div class=\"inside\">\r\n                <div class=\"title\">T\u00e1mad\u00e1s helyett k\u00f6ss\u00fcnk kompromisszumot!<\/div>\r\n\r\n                <div class=\"desc\">Sosem szabad elfelejteni, hogy a v\u00e1llalkoz\u00e1sok, c\u00e9gek vannak a fogyaszt\u00f3k\u00e9rt \u00e9s nem ford\u00edtva - mondta Dr. V\u00e1ri Kov\u00e1cs J\u00f3zsef, a Fej\u00e9r Megyei B\u00e9k\u00e9ltet\u0151 Test\u00fclet eln\u00f6ke, aki szerint a fogyaszt\u00f3i panaszok nagy t\u00f6bbs\u00e9ge elker\u00fclhet\u0151 lenne. Kapcsol\u00f3d\u00f3 rendezv\u00e9ny\u00fcnk:&nbsp;FOGYASZT\u00d3V\u00c9DELMI F\u00d3RUM<\/div>\r\n            <\/div>\r\n        <\/div>\r\n    <\/a>\r\n        <\/div>\r\n            <div class=\"col-md-6 col-xs-12 inline-col feed-item\">\r\n            <a   href=\"https:\/\/fmkik.hu\/hirek\/kamarai-kuldottgyules-a-gazdasag-hazaban\" class=\"clearfix\">\r\n        <div class=\"img\">\r\n                                    <img class=\"img-responsive img-center\" src=\"\/images\/no-feed-item.jpg\" alt=\"Kamarai k\u00fcld\u00f6ttgy\u0171l\u00e9s a Gazdas\u00e1g H\u00e1z\u00e1ban\">\r\n        <\/div>\r\n        <div class=\"info\">\r\n            <div class=\"inside\">\r\n                <div class=\"title\">Kamarai k\u00fcld\u00f6ttgy\u0171l\u00e9s a Gazdas\u00e1g H\u00e1z\u00e1ban<\/div>\r\n\r\n                <div class=\"desc\">A Fej\u00e9r Megyei Kereskedelmi \u00e9s Iparkamara legf\u0151bb d\u00f6nt\u00e9shoz\u00f3 szerve, a K\u00fcld\u00f6ttgy\u0171l\u00e9s t\u00e1rgysorozatai k\u00f6z\u00f6tt szerepel a kamara 2017. \u00e9vi sz\u00e1mad\u00e1sa, a 2018. \u00e9vi \u00fczleti terve \u00e9s&nbsp;\u00fcnnep\u00e9lyes keretek k\u00f6z\u00f6tt \u00e1tad\u00e1sra ker\u00fclnek kamarai d\u00edjak is.<\/div>\r\n            <\/div>\r\n        <\/div>\r\n    <\/a>\r\n        <\/div>\r\n    <\/div>\r\n\r\n<ul class=\"pagination\">\r\n                    <li class=\"left\"><a href=\"https:\/\/fmkik.hu\/api\/feeds\/page?page=236\" rel=\"prev\"><span class=\"icon icon-arrow-flat-left\"><\/span><\/a><\/li>\r\n        \r\n                    \r\n                                                                        <li><a href=\"https:\/\/fmkik.hu\/api\/feeds\/page?page=1\">01<\/a><\/li>\r\n                                                                                <li><a href=\"https:\/\/fmkik.hu\/api\/feeds\/page?page=2\">02<\/a><\/li>\r\n                                                                                    <li class=\"disabled\"><span>...<\/span><\/li>\r\n            \r\n                                \r\n                                                                        <li><a href=\"https:\/\/fmkik.hu\/api\/feeds\/page?page=231\">231<\/a><\/li>\r\n                                                                                <li><a href=\"https:\/\/fmkik.hu\/api\/feeds\/page?page=232\">232<\/a><\/li>\r\n                                                                                <li><a href=\"https:\/\/fmkik.hu\/api\/feeds\/page?page=233\">233<\/a><\/li>\r\n                                                                                <li><a href=\"https:\/\/fmkik.hu\/api\/feeds\/page?page=234\">234<\/a><\/li>\r\n                                                                                <li><a href=\"https:\/\/fmkik.hu\/api\/feeds\/page?page=235\">235<\/a><\/li>\r\n                                                                                <li><a href=\"https:\/\/fmkik.hu\/api\/feeds\/page?page=236\">236<\/a><\/li>\r\n                                                                                <li class=\"active\"><span>237<\/span><\/li>\r\n                                                                                <li><a href=\"https:\/\/fmkik.hu\/api\/feeds\/page?page=238\">238<\/a><\/li>\r\n                                                                                <li><a href=\"https:\/\/fmkik.hu\/api\/feeds\/page?page=239\">239<\/a><\/li>\r\n                                                        \r\n                    <li class=\"right\"><a href=\"https:\/\/fmkik.hu\/api\/feeds\/page?page=238\" rel=\"next\"><span class=\"icon icon-arrow-flat-right\"><\/span><\/a><\/li>\r\n            <\/ul>\r\n\r\n","page":"237"}