{"content":"<div class=\"row inline-row\">\r\n                <div class=\"col-md-6 col-xs-12 inline-col feed-item\">\r\n            <a   href=\"https:\/\/fmkik.hu\/hirek\/2026-augusztus-12-tol-uj-unios-csomagolasi-rendelet-ppwr\" class=\"clearfix\">\r\n        <div class=\"img\">\r\n                                    <img class=\"img-responsive img-center\" src=\"\/uploads\/feed_items\/small-18-shutterstock-2-17841089703185.jpg\" alt=\"2026. augusztus 12-t\u0151l \u00faj uni\u00f3s csomagol\u00e1si rendelet (PPWR)\">\r\n        <\/div>\r\n        <div class=\"info\">\r\n            <div class=\"inside\">\r\n                <div class=\"title\">2026. augusztus 12-t\u0151l \u00faj uni\u00f3s csomagol\u00e1si rendelet (PPWR)<\/div>\r\n\r\n                <div class=\"desc\">2026. augusztus 12-t\u0151l alkalmazand\u00f3v\u00e1 v\u00e1lik az Eur\u00f3pai Uni\u00f3 \u00faj csomagol\u00e1si rendelete, a&nbsp;PPWR (EU 2025\/40), amelyet Magyarorsz\u00e1gon is k\u00f6zvetlen\u00fcl kell alkalmazni. A szab\u00e1lyoz\u00e1s c\u00e9lja, hogy a v\u00e1llalkoz\u00e1sok m\u00e1r a csomagol\u00e1sok tervez\u00e9sekor cs\u00f6kkents\u00e9k az anyagfelhaszn\u00e1l\u00e1st, n\u00f6velj\u00e9k az \u00fajrahaszn\u00e1lhat\u00f3s\u00e1got \u00e9s az \u00fajrafeldolgozhat\u00f3s\u00e1got, valamint m\u00e9rs\u00e9kelj\u00e9k a k\u00f6rnyezeti terhel\u00e9st.<\/div>\r\n            <\/div>\r\n        <\/div>\r\n    <\/a>\r\n        <\/div>\r\n            <div class=\"col-md-6 col-xs-12 inline-col feed-item\">\r\n            <a   href=\"https:\/\/fmkik.hu\/hirek\/fogyasztovedelmi-kerdese-van-kerjen-ingyenes-szakertoi-segitseget\" class=\"clearfix\">\r\n        <div class=\"img\">\r\n                                    <img class=\"img-responsive img-center\" src=\"\/uploads\/feed_items\/small-rsz-shutterstock-17841027307822.jpg\" alt=\"Fogyaszt\u00f3v\u00e9delmi k\u00e9rd\u00e9se van? K\u00e9rjen ingyenes szak\u00e9rt\u0151i seg\u00edts\u00e9get!\">\r\n        <\/div>\r\n        <div class=\"info\">\r\n            <div class=\"inside\">\r\n                <div class=\"title\">Fogyaszt\u00f3v\u00e9delmi k\u00e9rd\u00e9se van? K\u00e9rjen ingyenes szak\u00e9rt\u0151i seg\u00edts\u00e9get!<\/div>\r\n\r\n                <div class=\"desc\">A fogyaszt\u00f3v\u00e9delmi el\u0151\u00edr\u00e1soknak val\u00f3 megfelel\u00e9s, a v\u00e1s\u00e1rl\u00f3i panaszok szab\u00e1lyszer\u0171 kezel\u00e9se, valamint a megfelel\u0151 \u00fcgyf\u00e9lkommunik\u00e1ci\u00f3 ma m\u00e1r minden v\u00e1llalkoz\u00e1s sz\u00e1m\u00e1ra kiemelt jelent\u0151s\u00e9g\u0171.<\/div>\r\n            <\/div>\r\n        <\/div>\r\n    <\/a>\r\n        <\/div>\r\n            <div class=\"col-md-6 col-xs-12 inline-col feed-item\">\r\n            <a   href=\"https:\/\/fmkik.hu\/hirek\/befektetoi-forum-vedelmi-iparba-fejleszto-startup-ok-es-kkv-k-szamara\" class=\"clearfix\">\r\n        <div class=\"img\">\r\n                                    <img class=\"img-responsive img-center\" src=\"\/uploads\/feed_items\/small-shutterstock-17840992860527.jpg\" alt=\"T\u0151kebevon\u00e1s \u00e9s n\u00f6veked\u00e9s: befektet\u0151i f\u00f3rumot rendeznek v\u00e9delmi ipari v\u00e1llalkoz\u00e1soknak\">\r\n        <\/div>\r\n        <div class=\"info\">\r\n            <div class=\"inside\">\r\n                <div class=\"title\">T\u0151kebevon\u00e1s \u00e9s n\u00f6veked\u00e9s: befektet\u0151i f\u00f3rumot rendeznek v\u00e9delmi ipari v\u00e1llalkoz\u00e1soknak<\/div>\r\n\r\n                <div class=\"desc\">Az eur\u00f3pai rep\u00fcl\u0151ipari, \u0171ripari \u00e9s v\u00e9delmi innov\u00e1ci\u00f3 fejl\u0151d\u00e9s\u00e9hez elengedhetetlen a megfelel\u0151 befektet\u0151i h\u00e1tt\u00e9r. Az&nbsp;Invest 2026: Aerospace &amp; Defence European Investment Forum&nbsp;c\u00e9lja, hogy \u00f6sszekapcsolja az \u00edg\u00e9retes eur\u00f3pai startupokat \u00e9s KKV-kat azokkal a befektet\u0151kkel, akik akt\u00edvan keresik a szektor leg\u00edg\u00e9retesebb innov\u00e1ci\u00f3it.<\/div>\r\n            <\/div>\r\n        <\/div>\r\n    <\/a>\r\n        <\/div>\r\n            <div class=\"col-md-6 col-xs-12 inline-col feed-item\">\r\n            <a   href=\"https:\/\/fmkik.hu\/hirek\/co-matching-2026-online-uzletfejlesztes-nemzetkozi-partnerekkel\" class=\"clearfix\">\r\n        <div class=\"img\">\r\n                                    <img class=\"img-responsive img-center\" src=\"\/uploads\/feed_items\/small-shutterstock-gk-hoz-17840960145552.jpg\" alt=\"Co-Matching 2026 \u2013 Online \u00fczletfejleszt\u00e9s nemzetk\u00f6zi partnerekkel\">\r\n        <\/div>\r\n        <div class=\"info\">\r\n            <div class=\"inside\">\r\n                <div class=\"title\">Co-Matching 2026 \u2013 Online \u00fczletfejleszt\u00e9s nemzetk\u00f6zi partnerekkel<\/div>\r\n\r\n                <div class=\"desc\">A g\u00e9pipart\u00f3l az informatik\u00e1n \u00e9s az \u00e9p\u00edt\u0151iparon \u00e1t eg\u00e9szen az \u00e9lelmiszer- \u00e9s eg\u00e9szs\u00e9giparig szinte minden kulcsfontoss\u00e1g\u00fa \u00e1gazatot lefed az idei Co-Matching 2026 online \u00fczletfejleszt\u00e9si tal\u00e1lkoz\u00f3. Ha v\u00e1llalkoz\u00e1sa nyitott a nemzetk\u00f6zi terjeszked\u00e9sre, \u00e9s sz\u00edvesen \u00e9p\u00edtene ki k\u00f6zvetlen B2B kapcsolatokat a dinamikusan fejl\u0151d\u0151 t\u00f6r\u00f6k piac szerepl\u0151ivel, ez az augusztus 27-i esem\u00e9ny kiv\u00e1l\u00f3 ugr\u00f3deszk\u00e1t jelent az exportn\u00f6veked\u00e9shez.<\/div>\r\n            <\/div>\r\n        <\/div>\r\n    <\/a>\r\n        <\/div>\r\n            <div class=\"col-md-6 col-xs-12 inline-col feed-item\">\r\n            <a   href=\"https:\/\/fmkik.hu\/hirek\/augusztusig-jelentkezhet-a-green-awards-fenntarthatosagi-palyazatra\" class=\"clearfix\">\r\n        <div class=\"img\">\r\n                                    <img class=\"img-responsive img-center\" src=\"\/uploads\/feed_items\/small-01-nevtelen-17840102679178.jpg\" alt=\"Augusztusig jelentkezhet a Green Awards fenntarthat\u00f3s\u00e1gi p\u00e1ly\u00e1zatra\">\r\n        <\/div>\r\n        <div class=\"info\">\r\n            <div class=\"inside\">\r\n                <div class=\"title\">Augusztusig jelentkezhet a Green Awards fenntarthat\u00f3s\u00e1gi p\u00e1ly\u00e1zatra<\/div>\r\n\r\n                <div class=\"desc\">Augusztus 3-ig lehet jelentkezni a Green Awards p\u00e1ly\u00e1zatra. A Green Awards a Green Cloud \u00e9s a Portfolio k\u00f6z\u00f6s d\u00edja, amely az elm\u00falt \u00e9vekben a hazai fenntarthat\u00f3s\u00e1gi szakma egyik meghat\u00e1roz\u00f3 elismer\u00e9s\u00e9v\u00e9 v\u00e1lt.<\/div>\r\n            <\/div>\r\n        <\/div>\r\n    <\/a>\r\n        <\/div>\r\n            <div class=\"col-md-6 col-xs-12 inline-col feed-item\">\r\n            <a   href=\"https:\/\/fmkik.hu\/hirek\/jelentosen-szigorodik-az-unios-acelimport-szabalyozasa-2026-julius-1-jetol\" class=\"clearfix\">\r\n        <div class=\"img\">\r\n                                    <img class=\"img-responsive img-center\" src=\"\/uploads\/feed_items\/small-shutterstock-17830629663819.jpg\" alt=\"Jelent\u0151sen szigorodik az uni\u00f3s ac\u00e9limport szab\u00e1lyoz\u00e1sa 2026. j\u00falius 1-j\u00e9t\u0151l\">\r\n        <\/div>\r\n        <div class=\"info\">\r\n            <div class=\"inside\">\r\n                <div class=\"title\">Jelent\u0151sen szigorodik az uni\u00f3s ac\u00e9limport szab\u00e1lyoz\u00e1sa 2026. j\u00falius 1-j\u00e9t\u0151l<\/div>\r\n\r\n                <div class=\"desc\">Az Eur\u00f3pai Parlament \u00e9s a Tan\u00e1cs (EU) 2026\/1384 rendelete (a tov\u00e1bbiakban: Rendelet), amelyet 2026. j\u00fanius 17-\u00e9n fogadtak el, majd az EU Hivatalos Lapj\u00e1ban kihirdettek, 2026. j\u00falius 1-j\u00e9t\u0151l \u00faj szab\u00e1lyokat vezet be az Eur\u00f3pai Uni\u00f3ba t\u00f6rt\u00e9n\u0151 ac\u00e9limportra vonatkoz\u00f3an. A rendelet c\u00e9lja az uni\u00f3s ac\u00e9lipar v\u00e9delme a glob\u00e1lis kapacit\u00e1sfeleslegb\u0151l ered\u0151 piaci torzul\u00e1sokkal szemben \u00faj v\u00e1mkontingensek \u00e9s kereskedelemv\u00e9delmi int\u00e9zked\u00e9sek bevezet\u00e9s\u00e9vel.<\/div>\r\n            <\/div>\r\n        <\/div>\r\n    <\/a>\r\n        <\/div>\r\n            <div class=\"col-md-6 col-xs-12 inline-col feed-item\">\r\n            <a   href=\"https:\/\/fmkik.hu\/hirek\/europai-vedelmi-alap-edf-programok-2026-jul-14-kedd\" class=\"clearfix\">\r\n        <div class=\"img\">\r\n                                    <img class=\"img-responsive img-center\" src=\"\/uploads\/feed_items\/small-shutterstock-17830610024692.jpg\" alt=\"Eur\u00f3pai V\u00e9delmi Alap (EDF) programok - 2026. j\u00fal. 14. kedd\">\r\n        <\/div>\r\n        <div class=\"info\">\r\n            <div class=\"inside\">\r\n                <div class=\"title\">Eur\u00f3pai V\u00e9delmi Alap (EDF) programok - 2026. j\u00fal. 14. kedd<\/div>\r\n\r\n                <div class=\"desc\">A Honv\u00e9delmi Miniszt\u00e9rium, a V\u00e9delmi Innov\u00e1ci\u00f3s Kutat\u00f3int\u00e9zet NZrt., a HypeX Consulting Zrt. \u00e9s a 28DIGITAL Hungary Hub Nonprofit Kft. k\u00f6z\u00f6s szervez\u00e9s\u00e9ben k\u00e9t szakmai programot rendez, amelyek k\u00f6z\u00e9ppontj\u00e1ban az Eur\u00f3pai V\u00e9delmi Alap (EDF) p\u00e1ly\u00e1zati rendszere \u00e1ll.<\/div>\r\n            <\/div>\r\n        <\/div>\r\n    <\/a>\r\n        <\/div>\r\n            <div class=\"col-md-6 col-xs-12 inline-col feed-item\">\r\n            <a   href=\"https:\/\/fmkik.hu\/hirek\/eloadas-profiktol-tema-az-elhizas-kezelese-2026-julius-8-szerda-1500\" class=\"clearfix\">\r\n        <div class=\"img\">\r\n                                    <img class=\"img-responsive img-center\" src=\"\/uploads\/feed_items\/small-endo-program-plakat-17828024646514.png\" alt=\"El\u0151ad\u00e1s profikt\u00f3l: t\u00e9ma az elh\u00edz\u00e1s kezel\u00e9se 2026. j\u00falius 8. szerda 15:00\">\r\n        <\/div>\r\n        <div class=\"info\">\r\n            <div class=\"inside\">\r\n                <div class=\"title\">El\u0151ad\u00e1s profikt\u00f3l: t\u00e9ma az elh\u00edz\u00e1s kezel\u00e9se 2026. j\u00falius 8. szerda 15:00<\/div>\r\n\r\n                <div class=\"desc\">Ingyenes, mindenki sz\u00e1m\u00e1ra nyitott eg\u00e9szs\u00e9g\u00fcgyi el\u0151ad\u00e1st rendez az Endo-Kapszula Mag\u00e1norvosi Centrum 2026. j\u00falius 8-\u00e1n, szerd\u00e1n 15 \u00f3r\u00e1t\u00f3l a sz\u00e9kesfeh\u00e9rv\u00e1ri Gazdas\u00e1g H\u00e1z\u00e1ban. A rendezv\u00e9nyen neves sz\u00e9kesfeh\u00e9rv\u00e1ri szakemberek besz\u00e9lnek az elh\u00edz\u00e1sr\u00f3l mint kr\u00f3nikus betegs\u00e9gr\u0151l, annak okair\u00f3l \u00e9s korszer\u0171 kezel\u00e9si lehet\u0151s\u00e9geir\u0151l.<\/div>\r\n            <\/div>\r\n        <\/div>\r\n    <\/a>\r\n        <\/div>\r\n    <\/div>\r\n\r\n<ul class=\"pagination\">\r\n                    <li class=\"left\"><a href=\"https:\/\/fmkik.hu\/api\/feeds\/page?page=2\" rel=\"prev\"><span class=\"icon icon-arrow-flat-left\"><\/span><\/a><\/li>\r\n        \r\n                    \r\n                                                                        <li><a href=\"https:\/\/fmkik.hu\/api\/feeds\/page?page=1\">01<\/a><\/li>\r\n                                                                                <li><a href=\"https:\/\/fmkik.hu\/api\/feeds\/page?page=2\">02<\/a><\/li>\r\n                                                                                <li class=\"active\"><span>03<\/span><\/li>\r\n                                                                                <li><a href=\"https:\/\/fmkik.hu\/api\/feeds\/page?page=4\">04<\/a><\/li>\r\n                                                                                <li><a href=\"https:\/\/fmkik.hu\/api\/feeds\/page?page=5\">05<\/a><\/li>\r\n                                                                                <li><a href=\"https:\/\/fmkik.hu\/api\/feeds\/page?page=6\">06<\/a><\/li>\r\n                                                                                <li><a href=\"https:\/\/fmkik.hu\/api\/feeds\/page?page=7\">07<\/a><\/li>\r\n                                                                                <li><a href=\"https:\/\/fmkik.hu\/api\/feeds\/page?page=8\">08<\/a><\/li>\r\n                                                                                    <li class=\"disabled\"><span>...<\/span><\/li>\r\n            \r\n                                \r\n                                                                        <li><a href=\"https:\/\/fmkik.hu\/api\/feeds\/page?page=245\">245<\/a><\/li>\r\n                                                                                <li><a href=\"https:\/\/fmkik.hu\/api\/feeds\/page?page=246\">246<\/a><\/li>\r\n                                                        \r\n                    <li class=\"right\"><a href=\"https:\/\/fmkik.hu\/api\/feeds\/page?page=4\" rel=\"next\"><span class=\"icon icon-arrow-flat-right\"><\/span><\/a><\/li>\r\n            <\/ul>\r\n\r\n","page":"3"}