{"content":"<div class=\"row inline-row\">\r\n                <div class=\"col-md-6 col-xs-12 inline-col feed-item\">\r\n            <a   href=\"https:\/\/fmkik.hu\/hirek\/elerheto-a-regisztracios-felulet-az-otthonfelujitasi-program-tanacsado-kivitelezo-vallalkozasoknak\" class=\"clearfix\">\r\n        <div class=\"img\">\r\n                                    <img class=\"img-responsive img-center\" src=\"\/uploads\/feed_items\/small-04-shutterstock-17199965716935.jpg\" alt=\"El\u00e9rhet\u0151 a regisztr\u00e1ci\u00f3s fel\u00fclet az Otthonfel\u00faj\u00edt\u00e1si Program tan\u00e1csad\u00f3, kivitelez\u0151 v\u00e1llalkoz\u00e1soknak\">\r\n        <\/div>\r\n        <div class=\"info\">\r\n            <div class=\"inside\">\r\n                <div class=\"title\">El\u00e9rhet\u0151 a regisztr\u00e1ci\u00f3s fel\u00fclet az Otthonfel\u00faj\u00edt\u00e1si Program tan\u00e1csad\u00f3, kivitelez\u0151 v\u00e1llalkoz\u00e1soknak<\/div>\r\n\r\n                <div class=\"desc\">M\u00e1r el\u00e9rhet\u0151 az \u00c9MI NKft. honlapj\u00e1n az a fel\u00fclet, ahol regisztr\u00e1lhatnak azon v\u00e1llalkoz\u00e1sok, akik az Otthonfel\u00faj\u00edt\u00e1si Programban tan\u00e1csad\u00f3k\u00e9nt vagy kivitelez\u0151k\u00e9nt (sz\u00e1ll\u00edt\u00f3k\u00e9nt) szeretn\u00e9nek r\u00e9szt venni.\r\n\r\n&nbsp;<\/div>\r\n            <\/div>\r\n        <\/div>\r\n    <\/a>\r\n        <\/div>\r\n            <div class=\"col-md-6 col-xs-12 inline-col feed-item\">\r\n            <a   href=\"https:\/\/fmkik.hu\/hirek\/itt-a-bejelentes-jon-a-kormany-gazdasagelenkito-csomagja\" class=\"clearfix\">\r\n        <div class=\"img\">\r\n                                    <img class=\"img-responsive img-center\" src=\"\/uploads\/feed_items\/small-03-shutterstock-17199163741113.jpg\" alt=\"Itt a bejelent\u00e9s: j\u00f6n a korm\u00e1ny gazdas\u00e1g\u00e9l\u00e9nk\u00edt\u0151 csomagja!\">\r\n        <\/div>\r\n        <div class=\"info\">\r\n            <div class=\"inside\">\r\n                <div class=\"title\">Itt a bejelent\u00e9s: j\u00f6n a korm\u00e1ny gazdas\u00e1g\u00e9l\u00e9nk\u00edt\u0151 csomagja!<\/div>\r\n\r\n                <div class=\"desc\">A korm\u00e1ny d\u00f6nt\u00e9s\u00e9nek megfelel\u0151en a Nemzetgazdas\u00e1gi Miniszt\u00e9rium 2024. szeptember 30-ig k\u00e9t \u00faj akci\u00f3tervet dolgoz ki a kkv-k helyzet\u00e9nek jav\u00edt\u00e1sa, illetve a turisztikai teljes\u00edtm\u00e9ny n\u00f6vel\u00e9se \u00e9rdek\u00e9ben, k\u00f6z\u00f6lte a Nemzetgazdas\u00e1gi Miniszt\u00e9rium.<\/div>\r\n            <\/div>\r\n        <\/div>\r\n    <\/a>\r\n        <\/div>\r\n            <div class=\"col-md-6 col-xs-12 inline-col feed-item\">\r\n            <a   href=\"https:\/\/fmkik.hu\/hirek\/meglejent-az-sztfh-rendelete-a-kiberbiztonsagi-audit-vegrehajtasarol\" class=\"clearfix\">\r\n        <div class=\"img\">\r\n                                    <img class=\"img-responsive img-center\" src=\"\/uploads\/feed_items\/small-08-shutterstock-17192996771306.jpg\" alt=\"Megjelent az SZTFH rendelete a kiberbiztons\u00e1gi audit v\u00e9grehajt\u00e1s\u00e1r\u00f3l\">\r\n        <\/div>\r\n        <div class=\"info\">\r\n            <div class=\"inside\">\r\n                <div class=\"title\">Megjelent az SZTFH rendelete a kiberbiztons\u00e1gi audit v\u00e9grehajt\u00e1s\u00e1r\u00f3l<\/div>\r\n\r\n                <div class=\"desc\">A Szab\u00e1lyozott Tev\u00e9kenys\u00e9gek Fel\u00fcgyeleti Hat\u00f3s\u00e1ga eln\u00f6k\u00e9nek 7\/2024. (VI. 24.) SZTFH rendelete megjelent a Magyar K\u00f6zl\u00f6ny 68. sz\u00e1m\u00e1ban&nbsp;a kiberbiztons\u00e1gi audit v\u00e9grehajt\u00e1s\u00e1ra jogosult auditorok nyilv\u00e1ntart\u00e1s\u00e1r\u00f3l \u00e9s az auditorral szemben t\u00e1masztott k\u00f6vetelm\u00e9nyekr\u0151l.<\/div>\r\n            <\/div>\r\n        <\/div>\r\n    <\/a>\r\n        <\/div>\r\n            <div class=\"col-md-6 col-xs-12 inline-col feed-item\">\r\n            <a   href=\"https:\/\/fmkik.hu\/hirek\/az-uzemlatogatasok-es-az-osztalyfonoki-orak-is-keresettek-a-kamarai-palyaorientacios-programok-kozul\" class=\"clearfix\">\r\n        <div class=\"img\">\r\n                                    <img class=\"img-responsive img-center\" src=\"\/uploads\/feed_items\/small-01-shutterstock-17192966770284.jpg\" alt=\"Az \u00fczeml\u00e1togat\u00e1sok \u00e9s az oszt\u00e1lyf\u0151n\u00f6ki \u00f3r\u00e1k is keresettek a kamarai p\u00e1lyaorient\u00e1ci\u00f3s programok k\u00f6z\u00fcl\">\r\n        <\/div>\r\n        <div class=\"info\">\r\n            <div class=\"inside\">\r\n                <div class=\"title\">Az \u00fczeml\u00e1togat\u00e1sok \u00e9s az oszt\u00e1lyf\u0151n\u00f6ki \u00f3r\u00e1k is keresettek a kamarai p\u00e1lyaorient\u00e1ci\u00f3s programok k\u00f6z\u00fcl<\/div>\r\n\r\n                <div class=\"desc\">A Fej\u00e9r V\u00e1rmegyei Kereskedelmi \u00e9s Iparkamara p\u00e1lyaorient\u00e1ci\u00f3s koll\u00e9g\u00e1i folyamatosan tesznek eleget az iskolai felk\u00e9r\u00e9seknek \u00e9s nagy \u00f6r\u00f6m\u00fcnkre szolg\u00e1l, hogy szolg\u00e1ltat\u00e1sainkkal seg\u00edteni tudjuk a v\u00e1rmegye di\u00e1kjainak a p\u00e1lyav\u00e1laszt\u00e1s\u00e1t. &nbsp;Fontos feladatunknak tekintj\u00fck a vid\u00e9ki helysz\u00edneken t\u00f6rt\u00e9n\u0151 p\u00e1lyaorient\u00e1ci\u00f3s programok megval\u00f3s\u00edt\u00e1s\u00e1t is.<\/div>\r\n            <\/div>\r\n        <\/div>\r\n    <\/a>\r\n        <\/div>\r\n            <div class=\"col-md-6 col-xs-12 inline-col feed-item\">\r\n            <a   href=\"https:\/\/fmkik.hu\/hirek\/a-kiterjesztett-gyartoi-felelossegi-rendszer-mukodeset-erinto-egyes-kormanyrendeletek-modositasa\" class=\"clearfix\">\r\n        <div class=\"img\">\r\n                                    <img class=\"img-responsive img-center\" src=\"\/uploads\/feed_items\/small-08-shutterstock-17192113156784.jpg\" alt=\"A kiterjesztett gy\u00e1rt\u00f3i felel\u0151ss\u00e9gi rendszer m\u0171k\u00f6d\u00e9s\u00e9t \u00e9rint\u0151 egyes korm\u00e1nyrendeletek m\u00f3dos\u00edt\u00e1sa\">\r\n        <\/div>\r\n        <div class=\"info\">\r\n            <div class=\"inside\">\r\n                <div class=\"title\">A kiterjesztett gy\u00e1rt\u00f3i felel\u0151ss\u00e9gi rendszer m\u0171k\u00f6d\u00e9s\u00e9t \u00e9rint\u0151 egyes korm\u00e1nyrendeletek m\u00f3dos\u00edt\u00e1sa<\/div>\r\n\r\n                <div class=\"desc\">A Magyar K\u00f6zl\u00f6ny 2024. \u00e9vi 64. sz\u00e1m\u00e1ban megjelent a Korm\u00e1ny 124\/2024. (VI. 14.) Korm. rendelete a kiterjesztett gy\u00e1rt\u00f3i felel\u0151ss\u00e9gi rendszer m\u0171k\u00f6d\u00e9s\u00e9t \u00e9rint\u0151 egyes korm\u00e1nyrendeletek m\u00f3dos\u00edt\u00e1s\u00e1r\u00f3l.<\/div>\r\n            <\/div>\r\n        <\/div>\r\n    <\/a>\r\n        <\/div>\r\n            <div class=\"col-md-6 col-xs-12 inline-col feed-item\">\r\n            <a   href=\"https:\/\/fmkik.hu\/hirek\/buntetovamok-bevezeteset-tervezi-az-eu-a-kinai-elektromos-autok-importjara\" class=\"clearfix\">\r\n        <div class=\"img\">\r\n                                    <img class=\"img-responsive img-center\" src=\"\/uploads\/feed_items\/small-shutterstock-17192109796239.jpg\" alt=\"B\u00fcntet\u0151v\u00e1mok bevezet\u00e9s\u00e9t tervezi az EU a k\u00ednai elektromos aut\u00f3k importj\u00e1ra\">\r\n        <\/div>\r\n        <div class=\"info\">\r\n            <div class=\"inside\">\r\n                <div class=\"title\">B\u00fcntet\u0151v\u00e1mok bevezet\u00e9s\u00e9t tervezi az EU a k\u00ednai elektromos aut\u00f3k importj\u00e1ra<\/div>\r\n\r\n                <div class=\"desc\">Jelent\u0151sen dr\u00e1gulhatnak a k\u00ednai elektromos aut\u00f3k, ugyanis az Eur\u00f3pai Bizotts\u00e1g bejelentette, hogy b\u00fcntet\u0151v\u00e1mokat vetne ki a K\u00edn\u00e1ban gy\u00e1rtott \u00e9s az Eur\u00f3pai Uni\u00f3 piac\u00e1ra behozni sz\u00e1nd\u00e9kozott akkumul\u00e1toros elektromos g\u00e9pj\u00e1rm\u0171vekre.<\/div>\r\n            <\/div>\r\n        <\/div>\r\n    <\/a>\r\n        <\/div>\r\n            <div class=\"col-md-6 col-xs-12 inline-col feed-item\">\r\n            <a   href=\"https:\/\/fmkik.hu\/hirek\/tudatos-internet-hasznalat-interaktiv-eloadasok-iskolaknak\" class=\"clearfix\">\r\n        <div class=\"img\">\r\n                                    <img class=\"img-responsive img-center\" src=\"\/uploads\/feed_items\/small-09-shutterstock-17189516048969.jpg\" alt=\"Tudatos internet haszn\u00e1lat - interakt\u00edv el\u0151ad\u00e1sok iskol\u00e1knak\">\r\n        <\/div>\r\n        <div class=\"info\">\r\n            <div class=\"inside\">\r\n                <div class=\"title\">Tudatos internet haszn\u00e1lat - interakt\u00edv el\u0151ad\u00e1sok iskol\u00e1knak<\/div>\r\n\r\n                <div class=\"desc\">A Digit\u00e1lis Tudatoss\u00e1g Program keret\u00e9ben indul\u00f3 interakt\u00edv el\u0151ad\u00e1sokra iskol\u00e1k, pedag\u00f3gusok jelentkez\u00e9s\u00e9t v\u00e1rja a Gazdas\u00e1gi Versenyhivatal. A program c\u00e9lja, hogy felk\u00e9sz\u00edtse a fiatalokat a tudatos internet haszn\u00e1latra, felh\u00edvja a figyelmet az online t\u00e9r vesz\u00e9lyeire.&nbsp;<\/div>\r\n            <\/div>\r\n        <\/div>\r\n    <\/a>\r\n        <\/div>\r\n            <div class=\"col-md-6 col-xs-12 inline-col feed-item\">\r\n            <a   href=\"https:\/\/fmkik.hu\/hirek\/diakkent-dolgozni-diakkent-adozni-2024\" class=\"clearfix\">\r\n        <div class=\"img\">\r\n                                    <img class=\"img-responsive img-center\" src=\"\/uploads\/feed_items\/small-09-shutterstock-17188007936695.jpg\" alt=\"Di\u00e1kk\u00e9nt dolgozni - di\u00e1kk\u00e9nt ad\u00f3zni - 2024\">\r\n        <\/div>\r\n        <div class=\"info\">\r\n            <div class=\"inside\">\r\n                <div class=\"title\">Di\u00e1kk\u00e9nt dolgozni - di\u00e1kk\u00e9nt ad\u00f3zni - 2024<\/div>\r\n\r\n                <div class=\"desc\">A ny\u00e1ri munk\u00e1t v\u00e1llal\u00f3 di\u00e1kok bejelent\u00e9s\u00e9re, ad\u00f3z\u00e1s\u00e1ra \u2013 a di\u00e1ksz\u00f6vetkezeten kereszt\u00fcl v\u00e1llalt munka kiv\u00e9tel\u00e9vel \u2013 ugyanolyan szab\u00e1lyok vonatkoznak, mint m\u00e1s munkav\u00e1llal\u00f3kra. S\u0151t, eset\u00fckben ig\u00e9nybe vehet\u0151 a 25 \u00e9v alattiak kedvezm\u00e9nye is.<\/div>\r\n            <\/div>\r\n        <\/div>\r\n    <\/a>\r\n        <\/div>\r\n    <\/div>\r\n\r\n<ul class=\"pagination\">\r\n                    <li class=\"left\"><a href=\"https:\/\/fmkik.hu\/api\/feeds\/page?page=50\" rel=\"prev\"><span class=\"icon icon-arrow-flat-left\"><\/span><\/a><\/li>\r\n        \r\n                    \r\n                                                                        <li><a href=\"https:\/\/fmkik.hu\/api\/feeds\/page?page=1\">01<\/a><\/li>\r\n                                                                                <li><a href=\"https:\/\/fmkik.hu\/api\/feeds\/page?page=2\">02<\/a><\/li>\r\n                                                                                    <li class=\"disabled\"><span>...<\/span><\/li>\r\n            \r\n                                \r\n                                                                        <li><a href=\"https:\/\/fmkik.hu\/api\/feeds\/page?page=48\">48<\/a><\/li>\r\n                                                                                <li><a href=\"https:\/\/fmkik.hu\/api\/feeds\/page?page=49\">49<\/a><\/li>\r\n                                                                                <li><a href=\"https:\/\/fmkik.hu\/api\/feeds\/page?page=50\">50<\/a><\/li>\r\n                                                                                <li class=\"active\"><span>51<\/span><\/li>\r\n                                                                                <li><a href=\"https:\/\/fmkik.hu\/api\/feeds\/page?page=52\">52<\/a><\/li>\r\n                                                                                <li><a href=\"https:\/\/fmkik.hu\/api\/feeds\/page?page=53\">53<\/a><\/li>\r\n                                                                                <li><a href=\"https:\/\/fmkik.hu\/api\/feeds\/page?page=54\">54<\/a><\/li>\r\n                                                                                    <li class=\"disabled\"><span>...<\/span><\/li>\r\n            \r\n                                \r\n                                                                        <li><a href=\"https:\/\/fmkik.hu\/api\/feeds\/page?page=238\">238<\/a><\/li>\r\n                                                                                <li><a href=\"https:\/\/fmkik.hu\/api\/feeds\/page?page=239\">239<\/a><\/li>\r\n                                                        \r\n                    <li class=\"right\"><a href=\"https:\/\/fmkik.hu\/api\/feeds\/page?page=52\" rel=\"next\"><span class=\"icon icon-arrow-flat-right\"><\/span><\/a><\/li>\r\n            <\/ul>\r\n\r\n","page":"51"}