{"content":"<div class=\"row inline-row\">\r\n                <div class=\"col-md-6 col-xs-12 inline-col feed-item\">\r\n            <a   href=\"https:\/\/fmkik.hu\/index.php\/hirek\/tajekoztatas-a-visszaeles-bejelentesi-rendszer-mukodteteserol\" class=\"clearfix\">\r\n        <div class=\"img\">\r\n                                    <img class=\"img-responsive img-center\" src=\"\/uploads\/feed_items\/small-08-shutterstock-17573323934656.jpg\" alt=\"T\u00e1j\u00e9koztat\u00e1s a vissza\u00e9l\u00e9s-bejelent\u00e9si rendszer m\u0171k\u00f6dtet\u00e9s\u00e9r\u0151l\">\r\n        <\/div>\r\n        <div class=\"info\">\r\n            <div class=\"inside\">\r\n                <div class=\"title\">T\u00e1j\u00e9koztat\u00e1s a vissza\u00e9l\u00e9s-bejelent\u00e9si rendszer m\u0171k\u00f6dtet\u00e9s\u00e9r\u0151l<\/div>\r\n\r\n                <div class=\"desc\">2023. j\u00falius 24-\u00e9n hat\u00e1lyba l\u00e9pett a panaszokr\u00f3l, a k\u00f6z\u00e9rdek\u0171 bejelent\u00e9sekr\u0151l, valamint a vissza\u00e9l\u00e9sek bejelent\u00e9s\u00e9vel \u00f6sszef\u00fcgg\u0151 szab\u00e1lyokr\u00f3l sz\u00f3l\u00f3 2023. \u00e9vi XXV. t\u00f6rv\u00e9nyt (a tov\u00e1bbiakban: Panaszt\u00f6rv\u00e9ny). Az \u00fczleti szf\u00e9r\u00e1t \u00e9rint\u0151 legfontosabb v\u00e1ltoz\u00e1s, hogy \u00fan. bels\u0151 vissza\u00e9l\u00e9s-bejelent\u00e9si rendszer l\u00e9trehoz\u00e1s\u00e1ra k\u00f6telezte az \u00e9rintetteket.<\/div>\r\n            <\/div>\r\n        <\/div>\r\n    <\/a>\r\n        <\/div>\r\n            <div class=\"col-md-6 col-xs-12 inline-col feed-item\">\r\n            <a   href=\"https:\/\/fmkik.hu\/index.php\/hirek\/szent-istvan-emlekerem-es-dij-2025\" class=\"clearfix\">\r\n        <div class=\"img\">\r\n                                    <img class=\"img-responsive img-center\" src=\"\/uploads\/feed_items\/small-szt-istvan-dij-atado-0162-17568174527535.JPG\" alt=\"Szent Istv\u00e1n Eml\u00e9k\u00e9rem \u00e9s D\u00edj 2025\">\r\n        <\/div>\r\n        <div class=\"info\">\r\n            <div class=\"inside\">\r\n                <div class=\"title\">Szent Istv\u00e1n Eml\u00e9k\u00e9rem \u00e9s D\u00edj 2025<\/div>\r\n\r\n                <div class=\"desc\">A feh\u00e9rv\u00e1rcsurg\u00f3i kast\u00e9lyt felvir\u00e1goztat\u00f3 gr\u00f3f K\u00e1rolyi Gy\u00f6rgy \u00e9s feles\u00e9ge, K\u00e1rolyi Angelica vehette \u00e1t id\u00e9n - az imm\u00e1r huszonkettedik alkalommal \u00e1tadott - Szent Istv\u00e1n Eml\u00e9k\u00e9rmet \u00e9s D\u00edjat. A kast\u00e9ly m\u00e1ra eur\u00f3pai kult\u00far\u00e1lis k\u00f6zpontt\u00e1 v\u00e1lt, \u00e9rt\u00e9kment\u0151 \u00e9s \u00e9rt\u00e9kteremt\u0151 tev\u00e9kenys\u00e9g\u00fcknek k\u00f6sz\u00f6nhet\u0151en.&nbsp;<\/div>\r\n            <\/div>\r\n        <\/div>\r\n    <\/a>\r\n        <\/div>\r\n            <div class=\"col-md-6 col-xs-12 inline-col feed-item\">\r\n            <a   href=\"https:\/\/fmkik.hu\/index.php\/hirek\/kiallitoi-lehetoseg-a-planet-2026-fenntarthatosagi-esemenyen\" class=\"clearfix\">\r\n        <div class=\"img\">\r\n                                    <img class=\"img-responsive img-center\" src=\"\/uploads\/feed_items\/small-06-shutterstock-17567978853225.jpg\" alt=\"Ki\u00e1ll\u00edt\u00f3i lehet\u0151s\u00e9g a Planet 2026 fenntarthat\u00f3s\u00e1gi esem\u00e9nyen\">\r\n        <\/div>\r\n        <div class=\"info\">\r\n            <div class=\"inside\">\r\n                <div class=\"title\">Ki\u00e1ll\u00edt\u00f3i lehet\u0151s\u00e9g a Planet 2026 fenntarthat\u00f3s\u00e1gi esem\u00e9nyen<\/div>\r\n\r\n                <div class=\"desc\">2026. febru\u00e1r v\u00e9g\u00e9n imm\u00e1ron harmadik alkalommal rendezi meg a&nbsp;K\u00e9k Bolyg\u00f3 Alap\u00edtv\u00e1ny&nbsp;a&nbsp;Planet Budapest&nbsp;Innovat\u00edv Fenntarthat\u00f3s\u00e1gi Ki\u00e1ll\u00edt\u00e1st \u00e9s \u00c9lm\u00e9nyprogramot,&nbsp;amely a kor\u00e1bbiakn\u00e1l j\u00f3val hosszabban, egy h\u00f3napon \u00e1t v\u00e1rja majd a l\u00e1togat\u00f3kat&nbsp;a Vas\u00fatt\u00f6rt\u00e9neti Parkban.&nbsp;<\/div>\r\n            <\/div>\r\n        <\/div>\r\n    <\/a>\r\n        <\/div>\r\n            <div class=\"col-md-6 col-xs-12 inline-col feed-item\">\r\n            <a   href=\"https:\/\/fmkik.hu\/index.php\/hirek\/bosch-konferencia-szeptember\" class=\"clearfix\">\r\n        <div class=\"img\">\r\n                                    <img class=\"img-responsive img-center\" src=\"\/uploads\/feed_items\/small-istock-17567970302261.jpg\" alt=\"Bosch konferencia SZEPTEMBER\">\r\n        <\/div>\r\n        <div class=\"info\">\r\n            <div class=\"inside\">\r\n                <div class=\"title\">Bosch konferencia SZEPTEMBER<\/div>\r\n\r\n                <div class=\"desc\">Az ipari digitaliz\u00e1ci\u00f3 egyik legfontosabb szakmai esem\u00e9nye id\u00e9n szeptember 11-\u00e9n els\u0151 alkalommal val\u00f3sul meg a tavaly ind\u00edtott SmartMan \u2013 Smart Manufacturing Fesztiv\u00e1l keret\u00e9ben. A konferencia c\u00e9lja, hogy gyakorlati v\u00e1laszokat adjon arra, mik\u00e9nt lehet a magyar v\u00e1llalkoz\u00e1sok versenyk\u00e9pess\u00e9g\u00e9t, termel\u00e9kenys\u00e9g\u00e9t \u00e9s innov\u00e1ci\u00f3s k\u00e9pess\u00e9g\u00e9t er\u0151s\u00edteni ebben a gyorsan v\u00e1ltoz\u00f3 gazdas\u00e1gi k\u00f6rnyezetben.<\/div>\r\n            <\/div>\r\n        <\/div>\r\n    <\/a>\r\n        <\/div>\r\n            <div class=\"col-md-6 col-xs-12 inline-col feed-item\">\r\n            <a   href=\"https:\/\/fmkik.hu\/index.php\/hirek\/szeptember-1-jetol-igenyelheto-a-cbam-engedelyezett-nyilatkozattevoi-statusz\" class=\"clearfix\">\r\n        <div class=\"img\">\r\n                                    <img class=\"img-responsive img-center\" src=\"\/uploads\/feed_items\/small-02-shutterstock-17555212645005.jpg\" alt=\"Szeptember 1-j\u00e9t\u0151l ig\u00e9nyelhet\u0151 a CBAM enged\u00e9lyezett nyilatkozattev\u0151i st\u00e1tusz\">\r\n        <\/div>\r\n        <div class=\"info\">\r\n            <div class=\"inside\">\r\n                <div class=\"title\">Szeptember 1-j\u00e9t\u0151l ig\u00e9nyelhet\u0151 a CBAM enged\u00e9lyezett nyilatkozattev\u0151i st\u00e1tusz<\/div>\r\n\r\n                <div class=\"desc\">A\u202fNemzeti Kl\u00edmav\u00e9delmi Hat\u00f3s\u00e1g\u202fpublik\u00e1lta a CBAM (import\u00e1ruk karbonintenzit\u00e1s\u00e1t ellens\u00falyoz\u00f3 mechanizmus) enged\u00e9lyezett nyilatkozattev\u0151i st\u00e1tusz megszerz\u00e9s\u00e9nek r\u00e9szleteit.&nbsp;<\/div>\r\n            <\/div>\r\n        <\/div>\r\n    <\/a>\r\n        <\/div>\r\n            <div class=\"col-md-6 col-xs-12 inline-col feed-item\">\r\n            <a   href=\"https:\/\/fmkik.hu\/index.php\/hirek\/ingyenes-palyazati-kepzesek-a-hazai-kkv-knak-enterprise-horizon-program\" class=\"clearfix\">\r\n        <div class=\"img\">\r\n                                    <img class=\"img-responsive img-center\" src=\"\/uploads\/feed_items\/small-office-1280-17551677281266.jpg\" alt=\"Ingyenes p\u00e1ly\u00e1zati k\u00e9pz\u00e9sek a hazai kkv-knak \u2013 Enterprise Horizon program\">\r\n        <\/div>\r\n        <div class=\"info\">\r\n            <div class=\"inside\">\r\n                <div class=\"title\">Ingyenes p\u00e1ly\u00e1zati k\u00e9pz\u00e9sek a hazai kkv-knak \u2013 Enterprise Horizon program<\/div>\r\n\r\n                <div class=\"desc\">A Nemzeti Innov\u00e1ci\u00f3s \u00dcgyn\u00f6ks\u00e9g Nonprofit Zrt. elind\u00edtotta&nbsp;\u201eEnterprise Horizon\u201d&nbsp;elnevez\u00e9s\u0171 ingyenes p\u00e1ly\u00e1zati k\u00e9pz\u00e9si programj\u00e1t, amely a kezd\u0151 szintt\u0151l eg\u00e9szen a Horizon Europe p\u00e1ly\u00e1zat bead\u00e1s\u00e1ig t\u00e1mogatja a r\u00e9sztvev\u0151ket. A kezdem\u00e9nyez\u00e9s c\u00e9lja, hogy a hazai kis- \u00e9s k\u00f6z\u00e9pv\u00e1llalkoz\u00e1sok k\u00f6nnyebben juthassanak k\u00f6zvetlen uni\u00f3s forr\u00e1sokhoz.<\/div>\r\n            <\/div>\r\n        <\/div>\r\n    <\/a>\r\n        <\/div>\r\n            <div class=\"col-md-6 col-xs-12 inline-col feed-item\">\r\n            <a   href=\"https:\/\/fmkik.hu\/index.php\/hirek\/nemzetkozi-palyazati-lehetoseg-elelmiszer-muanyag-textil-fem-es-gepipari-kkv-k-szamara\" class=\"clearfix\">\r\n        <div class=\"img\">\r\n                                    <img class=\"img-responsive img-center\" src=\"\/uploads\/feed_items\/small-green-lightbulb-700x700-padded-17550783104217.jpg\" alt=\"Nemzetk\u00f6zi p\u00e1ly\u00e1zati lehet\u0151s\u00e9g \u00e9lelmiszer-, m\u0171anyag-, textil-, f\u00e9m- \u00e9s g\u00e9pipari kkv-k sz\u00e1m\u00e1ra\">\r\n        <\/div>\r\n        <div class=\"info\">\r\n            <div class=\"inside\">\r\n                <div class=\"title\">Nemzetk\u00f6zi p\u00e1ly\u00e1zati lehet\u0151s\u00e9g \u00e9lelmiszer-, m\u0171anyag-, textil-, f\u00e9m- \u00e9s g\u00e9pipari kkv-k sz\u00e1m\u00e1ra<\/div>\r\n\r\n                <div class=\"desc\">Nemzetk\u00f6zi p\u00e1ly\u00e1zati lehet\u0151s\u00e9g \u00e9lelmiszeripar, m\u0171anyagipar, textilipari, f\u00e9mipari \u00e9s g\u00e9pipari kkv-k sz\u00e1m\u00e1ra \u2013 ez a&nbsp;MANTRA projekt.\r\nA MANTRA a&nbsp;Horizon EUROPE program projektje a&nbsp;gy\u00e1rt\u00f3ipari kkv-k z\u00f6ld \u00e9s digit\u00e1lis \u00e1t\u00e1ll\u00e1s\u00e1t seg\u00edti.&nbsp;A p\u00e1ly\u00e1z\u00f3k k\u00f6z\u00fcl&nbsp;50 innovat\u00edv kkv ker\u00fcl kiv\u00e1laszt\u00e1sra. P\u00e9nz\u00fcgyi \u00e9s technikai t\u00e1mogat\u00e1st kapnak&nbsp;\u00faj megold\u00e1sok tesztel\u00e9s\u00e9hez, fejlett technol\u00f3gi\u00e1k bevezet\u00e9s\u00e9hez, amelyek biztos\u00edtj\u00e1k a versenyk\u00e9pess\u00e9g meg\u0151rz\u00e9s\u00e9t a gyorsan v\u00e1ltoz\u00f3 ipar\u00e1gi k\u00f6rnyezetben.<\/div>\r\n            <\/div>\r\n        <\/div>\r\n    <\/a>\r\n        <\/div>\r\n            <div class=\"col-md-6 col-xs-12 inline-col feed-item\">\r\n            <a   href=\"https:\/\/fmkik.hu\/index.php\/hirek\/uzleti-siker-a-mesterseges-intelligenciaval-digitalizacios-nap-a-kkv-k-szamara-szekesfehervaron\" class=\"clearfix\">\r\n        <div class=\"img\">\r\n                                    <img class=\"img-responsive img-center\" src=\"\/uploads\/feed_items\/small-09-shutterstock-17562039777227.jpg\" alt=\"\u00dczleti siker a mesters\u00e9ges intelligenci\u00e1val - Digitaliz\u00e1ci\u00f3s nap a kkv-k sz\u00e1m\u00e1ra Sz\u00e9kesfeh\u00e9rv\u00e1ron\">\r\n        <\/div>\r\n        <div class=\"info\">\r\n            <div class=\"inside\">\r\n                <div class=\"title\">\u00dczleti siker a mesters\u00e9ges intelligenci\u00e1val - Digitaliz\u00e1ci\u00f3s nap a kkv-k sz\u00e1m\u00e1ra Sz\u00e9kesfeh\u00e9rv\u00e1ron<\/div>\r\n\r\n                <div class=\"desc\">K\u00e9pzelje el, hogy v\u00e1llalkoz\u00e1sa nemcsak l\u00e9p\u00e9st tart a digit\u00e1lis vil\u00e1ggal, hanem naprak\u00e9sz benne! A Modern V\u00e1llalkoz\u00e1sok Programja 2.0 (MVP 2.0) pontosan ezt k\u00edn\u00e1lja: gyakorlatorient\u00e1lt tud\u00e1st \u00e9s t\u00e1mogat\u00e1st a kkv-k digit\u00e1lis fejl\u0151d\u00e9s\u00e9hez, versenyk\u00e9pess\u00e9g\u00fck n\u00f6vel\u00e9s\u00e9hez. A program seg\u00edts\u00e9g\u00e9vel meger\u0151s\u00edtheti digit\u00e1lis felk\u00e9sz\u00fclts\u00e9g\u00e9t \u00e9s jelenl\u00e9t\u00e9t, n\u00f6velheti bev\u00e9teleit, \u00e9s gyorsan reag\u00e1lhat a v\u00e1ltoz\u00f3 piaci ig\u00e9nyekre. Ebben ny\u00fajt gyakorlati seg\u00edts\u00e9get a Magyar Kereskedelmi \u00e9s Iparkamara \u201eDigit\u00e1lis \u00c9breszt\u0151!\u201d c\u00edm\u0171 mesters\u00e9ges intelligencia szemin\u00e1riuma is, amely \u00fczleti folyamatokban is alkalmazhat\u00f3 megold\u00e1sokat k\u00edn\u00e1l Kerek Istv\u00e1n AI-szak\u00e9rt\u0151 szakmai ir\u00e1ny\u00edt\u00e1s\u00e1val 2025. szeptember 16-\u00e1n, a Gazdas\u00e1g H\u00e1z\u00e1ban.<\/div>\r\n            <\/div>\r\n        <\/div>\r\n    <\/a>\r\n        <\/div>\r\n    <\/div>\r\n\r\n<ul class=\"pagination\">\r\n                    <li class=\"left\"><a href=\"https:\/\/fmkik.hu\/index.php\/api\/feeds\/page?page=17\" rel=\"prev\"><span class=\"icon icon-arrow-flat-left\"><\/span><\/a><\/li>\r\n        \r\n                    \r\n                                                                        <li><a href=\"https:\/\/fmkik.hu\/index.php\/api\/feeds\/page?page=1\">01<\/a><\/li>\r\n                                                                                <li><a href=\"https:\/\/fmkik.hu\/index.php\/api\/feeds\/page?page=2\">02<\/a><\/li>\r\n                                                                                    <li class=\"disabled\"><span>...<\/span><\/li>\r\n            \r\n                                \r\n                                                                        <li><a href=\"https:\/\/fmkik.hu\/index.php\/api\/feeds\/page?page=15\">15<\/a><\/li>\r\n                                                                                <li><a href=\"https:\/\/fmkik.hu\/index.php\/api\/feeds\/page?page=16\">16<\/a><\/li>\r\n                                                                                <li><a href=\"https:\/\/fmkik.hu\/index.php\/api\/feeds\/page?page=17\">17<\/a><\/li>\r\n                                                                                <li class=\"active\"><span>18<\/span><\/li>\r\n                                                                                <li><a href=\"https:\/\/fmkik.hu\/index.php\/api\/feeds\/page?page=19\">19<\/a><\/li>\r\n                                                                                <li><a href=\"https:\/\/fmkik.hu\/index.php\/api\/feeds\/page?page=20\">20<\/a><\/li>\r\n                                                                                <li><a href=\"https:\/\/fmkik.hu\/index.php\/api\/feeds\/page?page=21\">21<\/a><\/li>\r\n                                                                                    <li class=\"disabled\"><span>...<\/span><\/li>\r\n            \r\n                                \r\n                                                                        <li><a href=\"https:\/\/fmkik.hu\/index.php\/api\/feeds\/page?page=237\">237<\/a><\/li>\r\n                                                                                <li><a href=\"https:\/\/fmkik.hu\/index.php\/api\/feeds\/page?page=238\">238<\/a><\/li>\r\n                                                        \r\n                    <li class=\"right\"><a href=\"https:\/\/fmkik.hu\/index.php\/api\/feeds\/page?page=19\" rel=\"next\"><span class=\"icon icon-arrow-flat-right\"><\/span><\/a><\/li>\r\n            <\/ul>\r\n\r\n","page":"18"}