{"content":"<div class=\"row inline-row\">\r\n                <div class=\"col-md-6 col-xs-12 inline-col feed-item\">\r\n            <a   href=\"https:\/\/fmkik.hu\/index.php\/hirek\/tudasalapu-oktatasi-projekt-vallalkozoknak-gyakorlatiasan\" class=\"clearfix\">\r\n        <div class=\"img\">\r\n                                    <img class=\"img-responsive img-center\" src=\"\/uploads\/feed_items\/small-vallalkozo-iranytu-700x700-17549188303733.png\" alt=\"TUD\u00c1SALAP\u00da OKTAT\u00c1SI PROJEKT \u2013 V\u00c1LLALKOZ\u00d3KNAK, GYAKORLATIASAN\">\r\n        <\/div>\r\n        <div class=\"info\">\r\n            <div class=\"inside\">\r\n                <div class=\"title\">TUD\u00c1SALAP\u00da OKTAT\u00c1SI PROJEKT \u2013 V\u00c1LLALKOZ\u00d3KNAK, GYAKORLATIASAN<\/div>\r\n\r\n                <div class=\"desc\">Most ind\u00edtja v\u00e1llalkoz\u00e1s\u00e1t, vagy m\u00e9g csak tervezi, \u00e9s szeretne biztos alapokra \u00e9p\u00edtkezni?&nbsp;Amennyiben a v\u00e1lasz igen, a Magyar Kereskedelmi \u00e9s Iparkamara \u00faj, t\u00e9r\u00edt\u00e9smentes k\u00e9pz\u00e9se, a \u201cV\u00e1llalkoz\u00f3i Ir\u00e1nyt\u0171\u201d \u00e9ppen \u00d6nnek sz\u00f3l!<\/div>\r\n            <\/div>\r\n        <\/div>\r\n    <\/a>\r\n        <\/div>\r\n            <div class=\"col-md-6 col-xs-12 inline-col feed-item\">\r\n            <a   href=\"https:\/\/fmkik.hu\/index.php\/hirek\/bovul-a-kkv-technologia-plusz-hitelprogram\" class=\"clearfix\">\r\n        <div class=\"img\">\r\n                                    <img class=\"img-responsive img-center\" src=\"\/uploads\/feed_items\/small-istock-17538563637082.jpg\" alt=\"B\u0151v\u00fcl a KKV Technol\u00f3gia Plusz Hitelprogram\">\r\n        <\/div>\r\n        <div class=\"info\">\r\n            <div class=\"inside\">\r\n                <div class=\"title\">B\u0151v\u00fcl a KKV Technol\u00f3gia Plusz Hitelprogram<\/div>\r\n\r\n                <div class=\"desc\">2025. j\u00falius 15-t\u0151l&nbsp;el\u00e9rhet\u0151v\u00e9 v\u00e1lt az Eur\u00f3pai Uni\u00f3 t\u00e1rsfinansz\u00edroz\u00e1s\u00e1ban megval\u00f3sul\u00f3 GINOP Plusz 1.4.3-24 KKV Technol\u00f3gia Plusz Hitelprogram \u00faj eleme, a&nbsp;\u201eB\u201d komponens, amely&nbsp;kamatmentes forg\u00f3eszk\u00f6zhitel&nbsp;form\u00e1j\u00e1ban ny\u00fajt t\u00e1mogat\u00e1st a feldolgoz\u00f3ipari mikro- \u00e9s kisv\u00e1llalkoz\u00e1sok sz\u00e1m\u00e1ra.<\/div>\r\n            <\/div>\r\n        <\/div>\r\n    <\/a>\r\n        <\/div>\r\n            <div class=\"col-md-6 col-xs-12 inline-col feed-item\">\r\n            <a   href=\"https:\/\/fmkik.hu\/index.php\/hirek\/gazdasagi-konferencia-2025-szeptember-4-5-veszprem\" class=\"clearfix\">\r\n        <div class=\"img\">\r\n                                    <img class=\"img-responsive img-center\" src=\"\/uploads\/feed_items\/small-kozgazd-vgy-25-vp-resized-17537701311357.jpg\" alt=\"K\u00f6zgazd\u00e1sz-v\u00e1ndorgy\u0171l\u00e9s - 2025. szeptember 4-5. Veszpr\u00e9m\">\r\n        <\/div>\r\n        <div class=\"info\">\r\n            <div class=\"inside\">\r\n                <div class=\"title\">K\u00f6zgazd\u00e1sz-v\u00e1ndorgy\u0171l\u00e9s - 2025. szeptember 4-5. Veszpr\u00e9m<\/div>\r\n\r\n                <div class=\"desc\">Veszpr\u00e9m v\u00e1rosa ad otthont a hazai k\u00f6zgazd\u00e1sz szakma legrangosabb \u00e9ves konferenci\u00e1j\u00e1nak: a 63. K\u00f6zgazd\u00e1sz-v\u00e1ndorgy\u0171l\u00e9st 2025. szeptember 4\u20135-\u00e9n a Pannon Egyetemen rendezi meg a Veszpr\u00e9m V\u00e1rmegyei Kereskedelmi \u00e9s Iparkamar\u00e1val, a Pannon Egyetemmel \u00e9s Veszpr\u00e9m Megyei Jog\u00fa V\u00e1ros \u00d6nkorm\u00e1nyzat\u00e1val egy\u00fcttm\u0171k\u00f6dve az id\u00e9n 131 \u00e9ves Magyar K\u00f6zgazdas\u00e1gi T\u00e1rsas\u00e1g.<\/div>\r\n            <\/div>\r\n        <\/div>\r\n    <\/a>\r\n        <\/div>\r\n            <div class=\"col-md-6 col-xs-12 inline-col feed-item\">\r\n            <a   href=\"https:\/\/fmkik.hu\/index.php\/hirek\/megjelent-a-kozoktatasi-tanev-rendje\" class=\"clearfix\">\r\n        <div class=\"img\">\r\n                                    <img class=\"img-responsive img-center\" src=\"\/uploads\/feed_items\/small-14-shutterstock-17536961355471.jpg\" alt=\"Megjelent a k\u00f6zoktat\u00e1si tan\u00e9v rendje\">\r\n        <\/div>\r\n        <div class=\"info\">\r\n            <div class=\"inside\">\r\n                <div class=\"title\">Megjelent a k\u00f6zoktat\u00e1si tan\u00e9v rendje<\/div>\r\n\r\n                <div class=\"desc\">Az els\u0151 tan\u00edt\u00e1si nap minden iskol\u00e1ban 2025. szeptember 1.<\/div>\r\n            <\/div>\r\n        <\/div>\r\n    <\/a>\r\n        <\/div>\r\n            <div class=\"col-md-6 col-xs-12 inline-col feed-item\">\r\n            <a   href=\"https:\/\/fmkik.hu\/index.php\/hirek\/felhivas-interaktiv-feladatkeszitok-es-lektorok-szamara\" class=\"clearfix\">\r\n        <div class=\"img\">\r\n                                    <img class=\"img-responsive img-center\" src=\"\/uploads\/feed_items\/small-shutterstock-17534389860563.jpg\" alt=\"Felh\u00edv\u00e1s interakt\u00edv feladatk\u00e9sz\u00edt\u0151k \u00e9s lektorok sz\u00e1m\u00e1ra\">\r\n        <\/div>\r\n        <div class=\"info\">\r\n            <div class=\"inside\">\r\n                <div class=\"title\">Felh\u00edv\u00e1s interakt\u00edv feladatk\u00e9sz\u00edt\u0151k \u00e9s lektorok sz\u00e1m\u00e1ra<\/div>\r\n\r\n                <div class=\"desc\">P\u00e1ly\u00e1zati felh\u00edv\u00e1st tesz\u00fcnk k\u00f6zz\u00e9 az al\u00e1bbi h\u00e1rom szakm\u00e1ban az interakt\u00edv feladat\u00edr\u00f3k \u00e9s lektorok sz\u00e1m\u00e1ra:<\/div>\r\n            <\/div>\r\n        <\/div>\r\n    <\/a>\r\n        <\/div>\r\n            <div class=\"col-md-6 col-xs-12 inline-col feed-item\">\r\n            <a   href=\"https:\/\/fmkik.hu\/index.php\/hirek\/tamogatott-nemzetkozi-uzleti-utak-2025-szeptember-november\" class=\"clearfix\">\r\n        <div class=\"img\">\r\n                                    <img class=\"img-responsive img-center\" src=\"\/uploads\/feed_items\/small-shutterstock-gk-hoz-17534312989807.jpg\" alt=\"T\u00e1mogatott nemzetk\u00f6zi \u00fczleti utak 2025. szeptember-november\">\r\n        <\/div>\r\n        <div class=\"info\">\r\n            <div class=\"inside\">\r\n                <div class=\"title\">T\u00e1mogatott nemzetk\u00f6zi \u00fczleti utak 2025. szeptember-november<\/div>\r\n\r\n                <div class=\"desc\">Az&nbsp;XPAND Programot&nbsp;a&nbsp;Nemzeti Innov\u00e1ci\u00f3s \u00dcgyn\u00f6ks\u00e9g&nbsp;(NI\u00dc) ind\u00edtotta, hogy seg\u00edtse a magyar startupokat \u00e9s KKV-kat a nemzetk\u00f6zi piacra l\u00e9p\u00e9sben, a glob\u00e1lis befektet\u0151kkel val\u00f3 kapcsolat\u00e9p\u00edt\u00e9sben \u00e9s \u00fczleti h\u00e1l\u00f3zatuk b\u0151v\u00edt\u00e9s\u00e9ben. A kiv\u00e1lasztott v\u00e1llalkoz\u00e1sok rangos glob\u00e1lis tech- \u00e9s \u00fczleti esem\u00e9nyeken vehetnek r\u00e9szt, ahol p\u00e1ratlan l\u00e1that\u00f3s\u00e1got, strat\u00e9giai partners\u00e9geket \u00e9s piaci betekint\u00e9st szerezhetnek, ez\u00e1ltal felgyors\u00edtva nemzetk\u00f6zi n\u00f6veked\u00e9s\u00fcket.<\/div>\r\n            <\/div>\r\n        <\/div>\r\n    <\/a>\r\n        <\/div>\r\n            <div class=\"col-md-6 col-xs-12 inline-col feed-item\">\r\n            <a   href=\"https:\/\/fmkik.hu\/index.php\/hirek\/valtozik-a-demjan-sandor-tokeprogram\" class=\"clearfix\">\r\n        <div class=\"img\">\r\n                                    <img class=\"img-responsive img-center\" src=\"\/uploads\/feed_items\/small-demjan-banner-negyzet-17537701159002.jpg\" alt=\"V\u00e1ltozik a Demj\u00e1n S\u00e1ndor T\u0151keprogram\">\r\n        <\/div>\r\n        <div class=\"info\">\r\n            <div class=\"inside\">\r\n                <div class=\"title\">V\u00e1ltozik a Demj\u00e1n S\u00e1ndor T\u0151keprogram<\/div>\r\n\r\n                <div class=\"desc\">A 100 milli\u00e1rdos Demj\u00e1n S\u00e1ndor T\u0151keprogram keret\u00e9ben eddig 55 t\u0151kebefektet\u00e9sr\u0151l \u00e9s 10,8 milli\u00e1rd forintr\u00f3l sz\u00fcletett d\u00f6nt\u00e9s, de annak \u00e9rdek\u00e9ben, hogy a v\u00e1llalkoz\u00e1sok m\u00e9g sz\u00e9lesebb k\u00f6rben vehess\u00e9k ig\u00e9nybe a t\u00e1mogat\u00e1st, a felh\u00edv\u00e1s t\u00f6bb ponton m\u00f3dosult. A t\u00e9ma kapcs\u00e1n a Fej\u00e9r V\u00e1rmegyei Kereskedelmi \u00e9s Iparkamar\u00e1n\u00e1l&nbsp;2025 \u0151sz\u00e9n t\u00e1j\u00e9koztat\u00f3 programot is tartunk.&nbsp;&nbsp;<\/div>\r\n            <\/div>\r\n        <\/div>\r\n    <\/a>\r\n        <\/div>\r\n            <div class=\"col-md-6 col-xs-12 inline-col feed-item\">\r\n            <a   href=\"https:\/\/fmkik.hu\/index.php\/hirek\/tobb-mint-berendezes-hangulatot-teremtenek\" class=\"clearfix\">\r\n        <div class=\"img\">\r\n                                    <img class=\"img-responsive img-center\" src=\"\/uploads\/feed_items\/small-5-storytelling-alfa-bestyle-portre-kep-17531065943802.JPG\" alt=\"T\u00f6bb, mint berendez\u00e9s, hangulatot teremtenek\">\r\n        <\/div>\r\n        <div class=\"info\">\r\n            <div class=\"inside\">\r\n                <div class=\"title\">T\u00f6bb, mint berendez\u00e9s, hangulatot teremtenek<\/div>\r\n\r\n                <div class=\"desc\">Az Alfa Bestyle Co Kft. imm\u00e1r k\u00f6zel egy \u00e9vtizede form\u00e1lja a sz\u00e1llodabels\u0151k vil\u00e1g\u00e1t szem\u00e9lyre szabott megold\u00e1saival. A tervez\u00e9st\u0151l a kivitelez\u00e9sig terjed\u0151 szolg\u00e1ltat\u00e1saik r\u00e9v\u00e9n olyan tereket hoznak l\u00e9tre, amelyek nemcsak eszt\u00e9tikusak, hanem \u00e9lm\u00e9nyt is ny\u00fajtanak. A c\u00e9g m\u00f6g\u00f6tt \u00e1ll\u00f3 szak\u00e9rtelem \u00e9s elhivatotts\u00e1g minden projektj\u00fck\u00f6n visszak\u00f6sz\u00f6n \u2013 a Balaton-parti \u00fcd\u00fcl\u0151t\u0151l a Velencei-tavi hotelmeg\u00fajul\u00e1sig. T\u00f6bb mint berendez\u00e9s - hangulatot teremtenek.<\/div>\r\n            <\/div>\r\n        <\/div>\r\n    <\/a>\r\n        <\/div>\r\n    <\/div>\r\n\r\n<ul class=\"pagination\">\r\n                    <li class=\"left\"><a href=\"https:\/\/fmkik.hu\/index.php\/api\/feeds\/page?page=18\" rel=\"prev\"><span class=\"icon icon-arrow-flat-left\"><\/span><\/a><\/li>\r\n        \r\n                    \r\n                                                                        <li><a href=\"https:\/\/fmkik.hu\/index.php\/api\/feeds\/page?page=1\">01<\/a><\/li>\r\n                                                                                <li><a href=\"https:\/\/fmkik.hu\/index.php\/api\/feeds\/page?page=2\">02<\/a><\/li>\r\n                                                                                    <li class=\"disabled\"><span>...<\/span><\/li>\r\n            \r\n                                \r\n                                                                        <li><a href=\"https:\/\/fmkik.hu\/index.php\/api\/feeds\/page?page=16\">16<\/a><\/li>\r\n                                                                                <li><a href=\"https:\/\/fmkik.hu\/index.php\/api\/feeds\/page?page=17\">17<\/a><\/li>\r\n                                                                                <li><a href=\"https:\/\/fmkik.hu\/index.php\/api\/feeds\/page?page=18\">18<\/a><\/li>\r\n                                                                                <li class=\"active\"><span>19<\/span><\/li>\r\n                                                                                <li><a href=\"https:\/\/fmkik.hu\/index.php\/api\/feeds\/page?page=20\">20<\/a><\/li>\r\n                                                                                <li><a href=\"https:\/\/fmkik.hu\/index.php\/api\/feeds\/page?page=21\">21<\/a><\/li>\r\n                                                                                <li><a href=\"https:\/\/fmkik.hu\/index.php\/api\/feeds\/page?page=22\">22<\/a><\/li>\r\n                                                                                    <li class=\"disabled\"><span>...<\/span><\/li>\r\n            \r\n                                \r\n                                                                        <li><a href=\"https:\/\/fmkik.hu\/index.php\/api\/feeds\/page?page=237\">237<\/a><\/li>\r\n                                                                                <li><a href=\"https:\/\/fmkik.hu\/index.php\/api\/feeds\/page?page=238\">238<\/a><\/li>\r\n                                                        \r\n                    <li class=\"right\"><a href=\"https:\/\/fmkik.hu\/index.php\/api\/feeds\/page?page=20\" rel=\"next\"><span class=\"icon icon-arrow-flat-right\"><\/span><\/a><\/li>\r\n            <\/ul>\r\n\r\n","page":"19"}