{"content":"<div class=\"row inline-row\">\r\n                <div class=\"col-md-6 col-xs-12 inline-col feed-item\">\r\n            <a   href=\"https:\/\/fmkik.hu\/index.php\/hirek\/reszveteli-lehetoseg-kamari-esg-programban\" class=\"clearfix\">\r\n        <div class=\"img\">\r\n                                    <img class=\"img-responsive img-center\" src=\"\/uploads\/feed_items\/small-esg-logo-honlapra-17745218236878.jpg\" alt=\"R\u00e9szv\u00e9teli lehet\u0151s\u00e9g Kamari ESG Programban\">\r\n        <\/div>\r\n        <div class=\"info\">\r\n            <div class=\"inside\">\r\n                <div class=\"title\">R\u00e9szv\u00e9teli lehet\u0151s\u00e9g Kamari ESG Programban<\/div>\r\n\r\n                <div class=\"desc\">\u00c1tfog\u00f3 orsz\u00e1gos ESG v\u00e1llalkoz\u00f3i felm\u00e9r\u00e9st ind\u00edt kamar\u00e1nk egy\u00fcttm\u0171k\u00f6d\u0151 partnereivel \u2013 a Magyar Kereskedelmi \u00e9s Iparkamara, valamint a Nemzetgazdas\u00e1gi Miniszt\u00e9rium t\u00e1mogat\u00e1s\u00e1val.&nbsp;Kezdem\u00e9nyez\u00e9s\u00fcnk c\u00e9lja, hogy pontos k\u00e9pet kapjunk a hazai kis- \u00e9s k\u00f6z\u00e9pv\u00e1llalkoz\u00e1sok k\u00f6rnyezeti (E), t\u00e1rsadalmi (S) \u00e9s v\u00e1llalatir\u00e1ny\u00edt\u00e1si (G) felk\u00e9sz\u00fclts\u00e9g\u00e9r\u0151l, felt\u00e1rva a megfelel\u00e9shez kapcsol\u00f3d\u00f3 kih\u00edv\u00e1sokat \u00e9s \u00fczleti lehet\u0151s\u00e9geket.<\/div>\r\n            <\/div>\r\n        <\/div>\r\n    <\/a>\r\n        <\/div>\r\n            <div class=\"col-md-6 col-xs-12 inline-col feed-item\">\r\n            <a   href=\"https:\/\/fmkik.hu\/index.php\/hirek\/palyazhato-a-csr-hungary-dij-2026\" class=\"clearfix\">\r\n        <div class=\"img\">\r\n                                    <img class=\"img-responsive img-center\" src=\"\/uploads\/feed_items\/small-energia-17739939494732.jpg\" alt=\"P\u00e1ly\u00e1zhat\u00f3 a CSR Hungary D\u00edj 2026\">\r\n        <\/div>\r\n        <div class=\"info\">\r\n            <div class=\"inside\">\r\n                <div class=\"title\">P\u00e1ly\u00e1zhat\u00f3 a CSR Hungary D\u00edj 2026<\/div>\r\n\r\n                <div class=\"desc\">Ism\u00e9t lehet p\u00e1ly\u00e1zni a Magyar \u00dczleti Felel\u0151ss\u00e9g D\u00edjra, a CSR Hungary D\u00edj p\u00e1ly\u00e1zat\u00e1ra.&nbsp;A glob\u00e1lis kih\u00edv\u00e1sok \u00e9s a v\u00e1ltoz\u00f3 t\u00e1rsadalmi elv\u00e1r\u00e1sok m\u00e9g ink\u00e1bb fel\u00e9rt\u00e9kelik a felel\u0151s v\u00e1llalatir\u00e1ny\u00edt\u00e1st. A CSR Hungary c\u00e9lja, hogy elismer\u00e9ssel \u00e9s p\u00e9ldamutat\u00e1ssal \u00f6szt\u00f6n\u00f6zze a hazai szervezeteket a fenntarthat\u00f3 fejl\u0151d\u00e9s fel\u00e9 tett l\u00e9p\u00e9sekre.&nbsp;<\/div>\r\n            <\/div>\r\n        <\/div>\r\n    <\/a>\r\n        <\/div>\r\n            <div class=\"col-md-6 col-xs-12 inline-col feed-item\">\r\n            <a   href=\"https:\/\/fmkik.hu\/index.php\/hirek\/kamarai-hozzajarulas-befizetesi-hatarido-2026-marcius-31\" class=\"clearfix\">\r\n        <div class=\"img\">\r\n                                    <img class=\"img-responsive img-center\" src=\"\/uploads\/feed_items\/small-07-shutterstock-17739094454085.jpg\" alt=\"Kamarai hozz\u00e1j\u00e1rul\u00e1s befizet\u00e9si hat\u00e1rid\u0151: 2026. m\u00e1rcius 31.\">\r\n        <\/div>\r\n        <div class=\"info\">\r\n            <div class=\"inside\">\r\n                <div class=\"title\">Kamarai hozz\u00e1j\u00e1rul\u00e1s befizet\u00e9si hat\u00e1rid\u0151: 2026. m\u00e1rcius 31.<\/div>\r\n\r\n                <div class=\"desc\">Ez\u00faton t\u00e1j\u00e9koztatjuk, hogy a&nbsp;gazdas\u00e1gi kamar\u00e1kr\u00f3l sz\u00f3l\u00f3 1999. \u00e9vi CXXI. t\u00f6rv\u00e9ny 34\/A. \u00a7 (3) bekezd\u00e9se \u00e9rtelm\u00e9ben a&nbsp;2026. \u00e9vi 5.000,- Ft \u00f6sszeg\u0171 kamarai hozz\u00e1j\u00e1rul\u00e1s megfizet\u00e9s\u00e9nek hat\u00e1rideje m\u00e1rcius 31. \r\n\r\n&nbsp;<\/div>\r\n            <\/div>\r\n        <\/div>\r\n    <\/a>\r\n        <\/div>\r\n            <div class=\"col-md-6 col-xs-12 inline-col feed-item\">\r\n            <a   href=\"https:\/\/fmkik.hu\/index.php\/hirek\/kiallitoi-megjelenesi-lehetoseg-az-ipar-napjain-az-enterprise-europe-network-standjan-2026\" class=\"clearfix\">\r\n        <div class=\"img\">\r\n                                    <img class=\"img-responsive img-center\" src=\"\/uploads\/feed_items\/small-ipar-1-17738383174658.jpg\" alt=\"BETELT!  Ki\u00e1ll\u00edt\u00f3i megjelen\u00e9si lehet\u0151s\u00e9g az Ipar Napjain az Enterprise Europe Network standj\u00e1n 2026\">\r\n        <\/div>\r\n        <div class=\"info\">\r\n            <div class=\"inside\">\r\n                <div class=\"title\">BETELT!  Ki\u00e1ll\u00edt\u00f3i megjelen\u00e9si lehet\u0151s\u00e9g az Ipar Napjain az Enterprise Europe Network standj\u00e1n 2026<\/div>\r\n\r\n                <div class=\"desc\">T\u00e9r\u00edt\u00e9smentes ki\u00e1ll\u00edt\u00f3i megjelen\u00e9si lehet\u0151s\u00e9get aj\u00e1nlunk&nbsp; a&nbsp;MACH-TECH \u00e9s Ipar Napjai Nemzetk\u00f6zi Ipari Szakki\u00e1ll\u00edt\u00e1son 2026. m\u00e1jus 18-21. k\u00f6z\u00f6tt&nbsp;Budapesten az Enterprise Europe Network K\u00f6z\u00e9p-dun\u00e1nt\u00fali Region\u00e1lis Iroda standj\u00e1n.<\/div>\r\n            <\/div>\r\n        <\/div>\r\n    <\/a>\r\n        <\/div>\r\n            <div class=\"col-md-6 col-xs-12 inline-col feed-item\">\r\n            <a   href=\"https:\/\/fmkik.hu\/index.php\/hirek\/vedelmi-es-uripari-esemeny-space-defense-festival-2026-budapesten\" class=\"clearfix\">\r\n        <div class=\"img\">\r\n                                    <img class=\"img-responsive img-center\" src=\"\/uploads\/feed_items\/small-spacedefense-festival-arculatpdf-page-1-of-1-scaled-1-17738196121026.jpg\" alt=\"V\u00e9delmi- \u00e9s \u0171ripari esem\u00e9ny: Space &amp; Defense Festival Budapest 2026.03.26.\">\r\n        <\/div>\r\n        <div class=\"info\">\r\n            <div class=\"inside\">\r\n                <div class=\"title\">V\u00e9delmi- \u00e9s \u0171ripari esem\u00e9ny: Space &amp; Defense Festival Budapest 2026.03.26.<\/div>\r\n\r\n                <div class=\"desc\">A 2026-os&nbsp;Space &amp; Defense Festival-ra m\u00e1rcius 26-\u00e1n ker\u00fcl sor Budapesten, a B\u00e1lna Rendezv\u00e9nyk\u00f6zpontban, a&nbsp;HypeX Consulting&nbsp;\u00e9s a&nbsp;Nemzetgazdas\u00e1gi Miniszt\u00e9rium&nbsp;egy\u00fcttm\u0171k\u00f6d\u00e9s\u00e9ben. A Fesztiv\u00e1l a k\u00f6z\u00e9p-kelet-eur\u00f3pai r\u00e9gi\u00f3 vezet\u0151 v\u00e9delmi \u00e9s \u0171ripari cs\u00facstal\u00e1lkoz\u00f3ja, amelynek c\u00e9lja, hogy kulcsfontoss\u00e1g\u00fa d\u00f6nt\u00e9shoz\u00f3kat, ipar\u00e1gi vezet\u0151ket \u00e9s innov\u00e1torokat hozzon \u00f6ssze egy strat\u00e9giai szempontb\u00f3l kiemelt szakmai k\u00f6rnyezetben.<\/div>\r\n            <\/div>\r\n        <\/div>\r\n    <\/a>\r\n        <\/div>\r\n            <div class=\"col-md-6 col-xs-12 inline-col feed-item\">\r\n            <a   href=\"https:\/\/fmkik.hu\/index.php\/hirek\/adomentes-is-lehet-az-uzleti-vacsora\" class=\"clearfix\">\r\n        <div class=\"img\">\r\n                                    <img class=\"img-responsive img-center\" src=\"\/uploads\/feed_items\/small-09-shutterstock-17737588054564.jpg\" alt=\"Ad\u00f3mentes is lehet az \u00fczleti vacsora!\">\r\n        <\/div>\r\n        <div class=\"info\">\r\n            <div class=\"inside\">\r\n                <div class=\"title\">Ad\u00f3mentes is lehet az \u00fczleti vacsora!<\/div>\r\n\r\n                <div class=\"desc\">2026. febru\u00e1r 1-j\u00e9t\u0151l \u00fajabb k\u00f6nny\u00edt\u00e9st kaptak a v\u00e1llalkoz\u00e1sok: ad\u00f3mentesen sz\u00e1molhatj\u00e1k el a reprezent\u00e1ci\u00f3s k\u00f6lts\u00e9geket, bizonyos felt\u00e9telekkel. Ez azt jelenti, hogy az \u00e9ttermekben, cukr\u00e1szd\u00e1kban kifizetett fogyaszt\u00e1s a tavalyi \u00e9vhez k\u00e9pest jelent\u0151s k\u00f6lts\u00e9gmegtakar\u00edt\u00e1ssal j\u00e1rhat, mert a juttat\u00e1st nem terheli szja \u00e9s szocho.<\/div>\r\n            <\/div>\r\n        <\/div>\r\n    <\/a>\r\n        <\/div>\r\n            <div class=\"col-md-6 col-xs-12 inline-col feed-item\">\r\n            <a   href=\"https:\/\/fmkik.hu\/index.php\/hirek\/digitalizacios-palyazat-vallalkozasoknak\" class=\"clearfix\">\r\n        <div class=\"img\">\r\n                                    <img class=\"img-responsive img-center\" src=\"\/uploads\/feed_items\/small-04-shutterstock-17736575815176.jpg\" alt=\"Digitaliz\u00e1ci\u00f3s p\u00e1ly\u00e1zat v\u00e1llalkoz\u00e1soknak\">\r\n        <\/div>\r\n        <div class=\"info\">\r\n            <div class=\"inside\">\r\n                <div class=\"title\">Digitaliz\u00e1ci\u00f3s p\u00e1ly\u00e1zat v\u00e1llalkoz\u00e1soknak<\/div>\r\n\r\n                <div class=\"desc\">Az ut\u00f3bbi h\u00fasz \u00e9v legkedvez\u0151bb digitaliz\u00e1ci\u00f3s p\u00e1ly\u00e1zata! Harmincmilli\u00e1rd forintos keretb\u0151l, 3-12 milli\u00f3 forint vissza nem t\u00e9r\u00edtend\u0151 t\u00e1mogat\u00e1st kaphatnak a mikro- \u00e9s kisv\u00e1llalkoz\u00e1sok:&nbsp;hardverre, szoftverre, webfejleszt\u00e9sre \u00e9s e-kereskedelemre - 90 sz\u00e1zal\u00e9kos t\u00e1mogat\u00e1si intenzit\u00e1s mellett.<\/div>\r\n            <\/div>\r\n        <\/div>\r\n    <\/a>\r\n        <\/div>\r\n            <div class=\"col-md-6 col-xs-12 inline-col feed-item\">\r\n            <a   href=\"https:\/\/fmkik.hu\/index.php\/hirek\/kedvezmenyes-digitalis-alairas-az-onkentes-kamarai-tagoknak\" class=\"clearfix\">\r\n        <div class=\"img\">\r\n                                    <img class=\"img-responsive img-center\" src=\"\/uploads\/feed_items\/small-payment-1920-17736513445738.jpg\" alt=\"Kedvezm\u00e9nyes digit\u00e1lis al\u00e1\u00edr\u00e1s az \u00f6nk\u00e9ntes kamarai tagoknak\">\r\n        <\/div>\r\n        <div class=\"info\">\r\n            <div class=\"inside\">\r\n                <div class=\"title\">Kedvezm\u00e9nyes digit\u00e1lis al\u00e1\u00edr\u00e1s az \u00f6nk\u00e9ntes kamarai tagoknak<\/div>\r\n\r\n                <div class=\"desc\">A kamarai kedvezm\u00e9nyprogram r\u00e9szek\u00e9nt&nbsp;kedvezm\u00e9nyes aj\u00e1nlat \u00e9rhet\u0151 el az \u00f6nk\u00e9ntes kamarai tagoknak a Netlock min\u0151s\u00edtett elektronikus al\u00e1\u00edr\u00f3 megold\u00e1ssal. Az a v\u00e1llalkoz\u00e1s, amely h\u00e1rom \u00e9ves szerz\u0151d\u00e9st k\u00f6t az els\u0151 \u00e9vben szinte f\u00e9l\u00e1ron, ut\u00e1na pedig az aktu\u00e1lis \u00e1rlista szerint \u00e9rheti el a szolg\u00e1ltat\u00e1st.<\/div>\r\n            <\/div>\r\n        <\/div>\r\n    <\/a>\r\n        <\/div>\r\n    <\/div>\r\n\r\n<ul class=\"pagination\">\r\n                    <li class=\"left\"><a href=\"https:\/\/fmkik.hu\/index.php\/api\/feeds\/page?page=1\" rel=\"prev\"><span class=\"icon icon-arrow-flat-left\"><\/span><\/a><\/li>\r\n        \r\n                    \r\n                                                                        <li><a href=\"https:\/\/fmkik.hu\/index.php\/api\/feeds\/page?page=1\">01<\/a><\/li>\r\n                                                                                <li class=\"active\"><span>02<\/span><\/li>\r\n                                                                                <li><a href=\"https:\/\/fmkik.hu\/index.php\/api\/feeds\/page?page=3\">03<\/a><\/li>\r\n                                                                                <li><a href=\"https:\/\/fmkik.hu\/index.php\/api\/feeds\/page?page=4\">04<\/a><\/li>\r\n                                                                                <li><a href=\"https:\/\/fmkik.hu\/index.php\/api\/feeds\/page?page=5\">05<\/a><\/li>\r\n                                                                                <li><a href=\"https:\/\/fmkik.hu\/index.php\/api\/feeds\/page?page=6\">06<\/a><\/li>\r\n                                                                                <li><a href=\"https:\/\/fmkik.hu\/index.php\/api\/feeds\/page?page=7\">07<\/a><\/li>\r\n                                                                                <li><a href=\"https:\/\/fmkik.hu\/index.php\/api\/feeds\/page?page=8\">08<\/a><\/li>\r\n                                                                                    <li class=\"disabled\"><span>...<\/span><\/li>\r\n            \r\n                                \r\n                                                                        <li><a href=\"https:\/\/fmkik.hu\/index.php\/api\/feeds\/page?page=237\">237<\/a><\/li>\r\n                                                                                <li><a href=\"https:\/\/fmkik.hu\/index.php\/api\/feeds\/page?page=238\">238<\/a><\/li>\r\n                                                        \r\n                    <li class=\"right\"><a href=\"https:\/\/fmkik.hu\/index.php\/api\/feeds\/page?page=3\" rel=\"next\"><span class=\"icon icon-arrow-flat-right\"><\/span><\/a><\/li>\r\n            <\/ul>\r\n\r\n","page":"2"}