{"content":"<div class=\"row inline-row\">\r\n                <div class=\"col-md-6 col-xs-12 inline-col feed-item\">\r\n            <a   href=\"https:\/\/fmkik.hu\/index.php\/hirek\/diakkent-dolgozni-diakkent-adozni-2024\" class=\"clearfix\">\r\n        <div class=\"img\">\r\n                                    <img class=\"img-responsive img-center\" src=\"\/uploads\/feed_items\/small-09-shutterstock-17188007936695.jpg\" alt=\"Di\u00e1kk\u00e9nt dolgozni - di\u00e1kk\u00e9nt ad\u00f3zni - 2024\">\r\n        <\/div>\r\n        <div class=\"info\">\r\n            <div class=\"inside\">\r\n                <div class=\"title\">Di\u00e1kk\u00e9nt dolgozni - di\u00e1kk\u00e9nt ad\u00f3zni - 2024<\/div>\r\n\r\n                <div class=\"desc\">A ny\u00e1ri munk\u00e1t v\u00e1llal\u00f3 di\u00e1kok bejelent\u00e9s\u00e9re, ad\u00f3z\u00e1s\u00e1ra \u2013 a di\u00e1ksz\u00f6vetkezeten kereszt\u00fcl v\u00e1llalt munka kiv\u00e9tel\u00e9vel \u2013 ugyanolyan szab\u00e1lyok vonatkoznak, mint m\u00e1s munkav\u00e1llal\u00f3kra. S\u0151t, eset\u00fckben ig\u00e9nybe vehet\u0151 a 25 \u00e9v alattiak kedvezm\u00e9nye is.<\/div>\r\n            <\/div>\r\n        <\/div>\r\n    <\/a>\r\n        <\/div>\r\n            <div class=\"col-md-6 col-xs-12 inline-col feed-item\">\r\n            <a   href=\"https:\/\/fmkik.hu\/index.php\/hirek\/felnottkepzessel-foglalkozo-vallalkozasok-figyelmebe\" class=\"clearfix\">\r\n        <div class=\"img\">\r\n                                    <img class=\"img-responsive img-center\" src=\"\/uploads\/feed_items\/small-paragrafus-17187964618519.jpg\" alt=\"Feln\u0151ttk\u00e9pz\u00e9ssel foglalkoz\u00f3 v\u00e1llalkoz\u00e1sok figyelm\u00e9be\">\r\n        <\/div>\r\n        <div class=\"info\">\r\n            <div class=\"inside\">\r\n                <div class=\"title\">Feln\u0151ttk\u00e9pz\u00e9ssel foglalkoz\u00f3 v\u00e1llalkoz\u00e1sok figyelm\u00e9be<\/div>\r\n\r\n                <div class=\"desc\">M\u00f3dosult a feln\u0151ttk\u00e9pz\u00e9sr\u0151l sz\u00f3l\u00f3 t\u00f6rv\u00e9ny.<\/div>\r\n            <\/div>\r\n        <\/div>\r\n    <\/a>\r\n        <\/div>\r\n            <div class=\"col-md-6 col-xs-12 inline-col feed-item\">\r\n            <a   href=\"https:\/\/fmkik.hu\/index.php\/hirek\/megjelent-az-otthonfelujitasi-program-lakossagi-energiahatekonysagi-beruhazasok-megvalositasahoz\" class=\"clearfix\">\r\n        <div class=\"img\">\r\n                                    <img class=\"img-responsive img-center\" src=\"\/uploads\/feed_items\/small-10-shutterstock-17186938119039.jpg\" alt=\"Megjelent az Otthonfel\u00faj\u00edt\u00e1si Program - Lakoss\u00e1gi energiahat\u00e9konys\u00e1gi beruh\u00e1z\u00e1sok megval\u00f3s\u00edt\u00e1s\u00e1hoz\">\r\n        <\/div>\r\n        <div class=\"info\">\r\n            <div class=\"inside\">\r\n                <div class=\"title\">Megjelent az Otthonfel\u00faj\u00edt\u00e1si Program - Lakoss\u00e1gi energiahat\u00e9konys\u00e1gi beruh\u00e1z\u00e1sok megval\u00f3s\u00edt\u00e1s\u00e1hoz<\/div>\r\n\r\n                <div class=\"desc\">RRF-REP-10.13.1-24 -&nbsp;A Hitelprogram c\u00e9lja a mag\u00e1nberuh\u00e1z\u00e1sok \u00f6szt\u00f6nz\u00e9se \u00e9s a magyarorsz\u00e1gi lak\u00f3\u00e9p\u00fcletek energiahat\u00e9konys\u00e1gi \u00e1gazat\u00e1ban a h\u00e1ztart\u00e1sok finansz\u00edroz\u00e1shoz val\u00f3 hozz\u00e1f\u00e9r\u00e9s\u00e9nek jav\u00edt\u00e1sa, tov\u00e1bb\u00e1 a lakoss\u00e1gi szektor energiafelhaszn\u00e1l\u00e1s\u00e1nak cs\u00f6kkent\u00e9se egym\u0171veletben kombin\u00e1lt k\u00f6lcs\u00f6nnel \u00e9s vissza nem t\u00e9r\u00edtend\u0151 t\u00e1mogat\u00e1ssal. Elindul&nbsp;a kivitelez\u0151k \u00e9s a tan\u00e1csad\u00f3k regisztr\u00e1ci\u00f3ja is, a felh\u00edv\u00e1sok a dokumentumokat tartalmaz\u00f3 linken el\u00e9rhet\u0151k.<\/div>\r\n            <\/div>\r\n        <\/div>\r\n    <\/a>\r\n        <\/div>\r\n            <div class=\"col-md-6 col-xs-12 inline-col feed-item\">\r\n            <a   href=\"https:\/\/fmkik.hu\/index.php\/hirek\/a-felnottkepzesi-torveny-valtozasai-tajekoztato-rendezveny\" class=\"clearfix\">\r\n        <div class=\"img\">\r\n                                    <img class=\"img-responsive img-center\" src=\"\/uploads\/feed_items\/small-11-shutterstock-17183487910683.jpg\" alt=\"A feln\u0151ttk\u00e9pz\u00e9si t\u00f6rv\u00e9ny v\u00e1ltoz\u00e1sai - t\u00e1j\u00e9koztat\u00f3 rendezv\u00e9ny\">\r\n        <\/div>\r\n        <div class=\"info\">\r\n            <div class=\"inside\">\r\n                <div class=\"title\">A feln\u0151ttk\u00e9pz\u00e9si t\u00f6rv\u00e9ny v\u00e1ltoz\u00e1sai - t\u00e1j\u00e9koztat\u00f3 rendezv\u00e9ny<\/div>\r\n\r\n                <div class=\"desc\">Fej\u00e9r v\u00e1rmegy\u00e9ben k\u00f6zel 800 nyilv\u00e1ntart\u00e1si sz\u00e1mmal rendelkez\u0151 gazd\u00e1lkod\u00f3t, feln\u0151ttk\u00e9pz\u00e9si int\u00e9zm\u00e9nyt \u00e9rint a 2024. \u00e9vi nem r\u00e9g megjelent feln\u0151ttk\u00e9pz\u00e9si t\u00f6rv\u00e9ny v\u00e1ltoz\u00e1sa. A kamara v\u00e1rja az \u00e9rdekl\u0151d\u0151ket a t\u00e1j\u00e9koztat\u00f3 programra, j\u00fanius 17-\u00e9n.\r\n\r\n&nbsp;<\/div>\r\n            <\/div>\r\n        <\/div>\r\n    <\/a>\r\n        <\/div>\r\n            <div class=\"col-md-6 col-xs-12 inline-col feed-item\">\r\n            <a   href=\"https:\/\/fmkik.hu\/index.php\/hirek\/tanev-rendje-20242025-tervezete\" class=\"clearfix\">\r\n        <div class=\"img\">\r\n                                    <img class=\"img-responsive img-center\" src=\"\/uploads\/feed_items\/small-v893-aum-24-17182013214627.jpg\" alt=\"Tan\u00e9v rendje 2024\/2025 tervezete\">\r\n        <\/div>\r\n        <div class=\"info\">\r\n            <div class=\"inside\">\r\n                <div class=\"title\">Tan\u00e9v rendje 2024\/2025 tervezete<\/div>\r\n\r\n                <div class=\"desc\">Megjelent a 2024\/2025.&nbsp; \u00e9vi szakk\u00e9pz\u00e9si tan\u00e9v rendj\u00e9r\u0151l sz\u00f3l\u00f3 rendelet tervezete<\/div>\r\n            <\/div>\r\n        <\/div>\r\n    <\/a>\r\n        <\/div>\r\n            <div class=\"col-md-6 col-xs-12 inline-col feed-item\">\r\n            <a   href=\"https:\/\/fmkik.hu\/index.php\/hirek\/tarsasagi-adokedvezmeny-az-akkumulatort-letesito-beruhazasok-utan\" class=\"clearfix\">\r\n        <div class=\"img\">\r\n                                    <img class=\"img-responsive img-center\" src=\"\/uploads\/feed_items\/small-01-shutterstock-17180906140618.jpg\" alt=\"T\u00e1rsas\u00e1gi ad\u00f3kedvezm\u00e9ny az akkumul\u00e1tort l\u00e9tes\u00edt\u0151 beruh\u00e1z\u00e1sok ut\u00e1n\">\r\n        <\/div>\r\n        <div class=\"info\">\r\n            <div class=\"inside\">\r\n                <div class=\"title\">T\u00e1rsas\u00e1gi ad\u00f3kedvezm\u00e9ny az akkumul\u00e1tort l\u00e9tes\u00edt\u0151 beruh\u00e1z\u00e1sok ut\u00e1n<\/div>\r\n\r\n                <div class=\"desc\">2024-t\u0151l jelent\u0151s t\u00e1rsas\u00e1gi ad\u00f3kedvezm\u00e9ny \u00e9rv\u00e9nyes\u00edthet\u0151 a villamosenergia-t\u00e1rol\u00f3k (azaz akkumul\u00e1torok) l\u00e9trehozatal\u00e1ra ir\u00e1nyul\u00f3 beruh\u00e1z\u00e1sok ut\u00e1n. Az ad\u00f3kedvezm\u00e9ny c\u00e9lja, hogy az ad\u00f3z\u00f3k olyan \u00faj villamosenergia-t\u00e1rol\u00f3 berendez\u00e9seket l\u00e9tes\u00edtsenek, amelyek r\u00e9v\u00e9n lehets\u00e9ges a saj\u00e1t c\u00e9lra megtermelt villamos energia t\u00e1rol\u00e1sa.<\/div>\r\n            <\/div>\r\n        <\/div>\r\n    <\/a>\r\n        <\/div>\r\n            <div class=\"col-md-6 col-xs-12 inline-col feed-item\">\r\n            <a   href=\"https:\/\/fmkik.hu\/index.php\/hirek\/50-milliard-forintra-palyazhatnak-az-innovativ-hazai-vallalkozasok\" class=\"clearfix\">\r\n        <div class=\"img\">\r\n                                    <img class=\"img-responsive img-center\" src=\"\/uploads\/feed_items\/small-6-pult-nemzetkoezi-uezlet-istock-17180905513.jpg\" alt=\"50 milli\u00e1rd forintra p\u00e1ly\u00e1zhatnak az innovat\u00edv hazai v\u00e1llalkoz\u00e1sok\">\r\n        <\/div>\r\n        <div class=\"info\">\r\n            <div class=\"inside\">\r\n                <div class=\"title\">50 milli\u00e1rd forintra p\u00e1ly\u00e1zhatnak az innovat\u00edv hazai v\u00e1llalkoz\u00e1sok<\/div>\r\n\r\n                <div class=\"desc\">A tavalyin\u00e1l 15 milli\u00e1rd forinttal nagyobb, 50 milli\u00e1rd forintos keret\u00f6sszeggel hirdeti meg a Nemzeti Kutat\u00e1si, Fejleszt\u00e9si \u00e9s Innov\u00e1ci\u00f3s Hivatal (NKFI Hivatal) a Neumann J\u00e1nos Programban kijel\u00f6lt f\u00f3kuszter\u00fcleteket t\u00e1mogat\u00f3 innov\u00e1ci\u00f3s p\u00e1ly\u00e1zat\u00e1t, a&nbsp;KKV F\u00f3kuszter\u00fcleti Innov\u00e1ci\u00f3s Programot.&nbsp;<\/div>\r\n            <\/div>\r\n        <\/div>\r\n    <\/a>\r\n        <\/div>\r\n            <div class=\"col-md-6 col-xs-12 inline-col feed-item\">\r\n            <a   href=\"https:\/\/fmkik.hu\/index.php\/hirek\/kamarai-valasztas1\" class=\"clearfix\">\r\n        <div class=\"img\">\r\n                                    <img class=\"img-responsive img-center\" src=\"\/uploads\/feed_items\/small-fmkik-zoeld-fekete-csak-logo-1717682240819.jpg\" alt=\"Kamarai v\u00e1laszt\u00e1s\">\r\n        <\/div>\r\n        <div class=\"info\">\r\n            <div class=\"inside\">\r\n                <div class=\"title\">Kamarai v\u00e1laszt\u00e1s<\/div>\r\n\r\n                <div class=\"desc\">A Fej\u00e9r V\u00e1rmegyei Kereskedelmi \u00e9s Iparkamara V\u00e1laszt\u00e1si Bizotts\u00e1ga \u00e9s Jel\u00f6l\u0151 Bizotts\u00e1ga t\u00e1j\u00e9koztatja a gazd\u00e1lkod\u00f3kat, hogy a 2024. \u00e9vi kamarai tiszt\u00faj\u00edt\u00f3 v\u00e1laszt\u00e1s lez\u00e1rult. A megv\u00e1lasztott k\u00fcld\u00f6ttek \u00e9s tiszts\u00e9gvisel\u0151k mand\u00e1tuma 2024. szeptember 16-t\u00f3l lesz hat\u00e1lyos.&nbsp;<\/div>\r\n            <\/div>\r\n        <\/div>\r\n    <\/a>\r\n        <\/div>\r\n    <\/div>\r\n\r\n<ul class=\"pagination\">\r\n                    <li class=\"left\"><a href=\"https:\/\/fmkik.hu\/index.php\/api\/feeds\/page?page=51\" rel=\"prev\"><span class=\"icon icon-arrow-flat-left\"><\/span><\/a><\/li>\r\n        \r\n                    \r\n                                                                        <li><a href=\"https:\/\/fmkik.hu\/index.php\/api\/feeds\/page?page=1\">01<\/a><\/li>\r\n                                                                                <li><a href=\"https:\/\/fmkik.hu\/index.php\/api\/feeds\/page?page=2\">02<\/a><\/li>\r\n                                                                                    <li class=\"disabled\"><span>...<\/span><\/li>\r\n            \r\n                                \r\n                                                                        <li><a href=\"https:\/\/fmkik.hu\/index.php\/api\/feeds\/page?page=49\">49<\/a><\/li>\r\n                                                                                <li><a href=\"https:\/\/fmkik.hu\/index.php\/api\/feeds\/page?page=50\">50<\/a><\/li>\r\n                                                                                <li><a href=\"https:\/\/fmkik.hu\/index.php\/api\/feeds\/page?page=51\">51<\/a><\/li>\r\n                                                                                <li class=\"active\"><span>52<\/span><\/li>\r\n                                                                                <li><a href=\"https:\/\/fmkik.hu\/index.php\/api\/feeds\/page?page=53\">53<\/a><\/li>\r\n                                                                                <li><a href=\"https:\/\/fmkik.hu\/index.php\/api\/feeds\/page?page=54\">54<\/a><\/li>\r\n                                                                                <li><a href=\"https:\/\/fmkik.hu\/index.php\/api\/feeds\/page?page=55\">55<\/a><\/li>\r\n                                                                                    <li class=\"disabled\"><span>...<\/span><\/li>\r\n            \r\n                                \r\n                                                                        <li><a href=\"https:\/\/fmkik.hu\/index.php\/api\/feeds\/page?page=238\">238<\/a><\/li>\r\n                                                                                <li><a href=\"https:\/\/fmkik.hu\/index.php\/api\/feeds\/page?page=239\">239<\/a><\/li>\r\n                                                        \r\n                    <li class=\"right\"><a href=\"https:\/\/fmkik.hu\/index.php\/api\/feeds\/page?page=53\" rel=\"next\"><span class=\"icon icon-arrow-flat-right\"><\/span><\/a><\/li>\r\n            <\/ul>\r\n\r\n","page":"52"}